{"id":2378,"date":"2023-04-03T23:03:49","date_gmt":"2023-04-04T03:03:49","guid":{"rendered":"https:\/\/elmundodelapolitica.com\/v1\/?p=2378"},"modified":"2023-04-03T23:03:52","modified_gmt":"2023-04-04T03:03:52","slug":"ministerios-turismo-defensa-y-pn-se-unen-coe-operativos-semana-santa-2023","status":"publish","type":"post","link":"https:\/\/elmundodelapolitica.com\/v1\/ministerios-turismo-defensa-y-pn-se-unen-coe-operativos-semana-santa-2023\/","title":{"rendered":"Ministerios Turismo, Defensa y PN se unen COE operativos Semana Santa 2023"},"content":{"rendered":"\n<p><strong>SANTO DOMINGO<\/strong>, R.D. Abril 3, 2023.-&nbsp;Los ministerios de Turismo, de Defensa, la Polic\u00eda Nacional y otras &nbsp;instituciones dar\u00e1n apoyo al operativo preventivo \u201cConciencia por la Vida Semana Santa 2023\u201d, que desplegar\u00e1 el Comit\u00e9 de Operaciones de Emergencia (COE) a nivel nacional.&nbsp;&nbsp;<\/p>\n\n\n\n<p>Para esta jornada, dirigida por el Gabinete de Turismo y coordinado por el ministro de Turismo, David Collado, los organismos de vigilancia aportar\u00e1n todo el personal que est\u00e9 disponible para garantizar la seguridad de los ciudadanos y los turistas que escojan r\u00edos, playas, balnearios y monta\u00f1as para vacacionar durante el asueto de la Semana Mayor.<\/p>\n\n\n\n<p>El ministro Collado agradeci\u00f3 el fuerte apoyo de todos los organismos castrenses que hacen en un s\u00f3lo cuerpo para blindar la seguridad de nuestro pa\u00eds y que \u201ces una se\u00f1al clara de la sensibilidad por la seguridad de la gente\u201d.<\/p>\n\n\n\n<p>Dijo que al igual que el pasado a\u00f1o, recorrer\u00e1 junto a los organismos de vigilancia y Polic\u00eda Nacional los polos tur\u00edsticos para que todo marche en orden en las playas,&nbsp; por la seguridad de los vacacionistas.<\/p>\n\n\n\n<p>Collado solicit\u00f3 a la poblaci\u00f3n acatar la resoluci\u00f3n que dispone la clausura de playas y balnearios, a fin de preservar la seguridad y evitar hechos tr\u00e1gicos en esta \u00e9poca.<\/p>\n\n\n\n<p>Asimismo, el titular del Mitur, reitera la prohibici\u00f3n en playas de todo el pa\u00eds del uso de motocicletas, four wheel y veh\u00edculos de motor, tambi\u00e9n, wave runner y banana boats, as\u00ed como el establecimiento de casas de campa\u00f1a y el expendio de bebidas&nbsp;alcoh\u00f3licas ambulantes dentro de las playas.<\/p>\n\n\n\n<p>El ministro de Defensa, teniente general Carlos Luciano D\u00edaz Morfa, inform\u00f3 que, \u201cnuestras Fuerzas Armadas han trabajado arduamente para colaborar en este operativo que contempla todas las medidas necesarias para prevenir y responder a cualquier eventualidad que pueda surgir en esta semana tan especial\u201d.<\/p>\n\n\n\n<p>Expres\u00f3 que trabajar\u00e1n de manera coordinada junto al Ministerio de Turismo, de la presidencia de la Rep\u00fablica, Polic\u00eda Nacional. Defensa Civil, entre otras instituciones para dar apoyo y colaboraci\u00f3n al COE.<\/p>\n\n\n\n<p>D\u00edaz Morfa invit\u00f3, asimismo, a los turistas y ciudadanos a colaborar a fin de seguir las medidas establecidas por el operativo, as\u00ed como a los miembros de los organismos de seguridad actuar con moderaci\u00f3n y prudencia por el bienestar de todos.<\/p>\n\n\n\n<p>El plan de apoyo al COE en el operativo Semana Santa 2023 consistir\u00e1 en la ejecuci\u00f3n de 6 tareas operacionales en 6 puntos espec\u00edficos que comprender\u00e1: incrementar los recorridos de patrullajes a todo lo largo de las carreteras, autov\u00edas, calles y avenidas de todo el pa\u00eds.<\/p>\n\n\n\n<p>Incrementar la presencia tanto como personal uniformado y de inteligencia en las terminales de transporte terrestre, (autobuses); adem\u00e1s incremento de la presencia del personal militar en los peajes y de manera abultada y cooperaci\u00f3n en los balnearios y playas activos y clausurados.<\/p>\n\n\n\n<p>Adem\u00e1s de ello, actividades sociales que han sido autorizadas que se llevar\u00e1n a cabo durante este asueto, explic\u00f3 el General de Brigada Rafael Antonio N\u00fa\u00f1ez Veloz, director de Planes y Operaciones del Ministerio de Defensa J-3.<\/p>\n\n\n\n<p>En la rueda de prensa estuvieron presentes los presidente y vicepresidente ejecutivos de ASONAHORES, David Llibre y Andr\u00e9s Marranzini, respectivamente.<\/p>\n\n\n\n<p>Adem\u00e1s, el director de la Polic\u00eda Nacional, Mayor general Eduardo Alberto Then; el viceministro de Defensa para Asuntos Navales y Costeros, Ram\u00f3n Gustavo Betances Hern\u00e1ndez; el Mayor general Carlos Antonio Fern\u00e1ndez Onofre, comandante general del Ej\u00e9rcito Nacional; el vicealmirante Francisco Sosa Castillo, comandante general de la Armada Dominicana;El Mayor general Carlos Ram\u00f3n Febrillet, comandante general de la Fuerza A\u00e9rea Dominicana (FAD); el director de la Polic\u00eda Tur\u00edstica, general Minoru Matsunaga, representantes de la DNCD, Defensa Civil, CESAC, entre otros.<\/p>\n","protected":false},"excerpt":{"rendered":"<p>SANTO DOMINGO, R.D. Abril 3, 2023.-&nbsp;Los ministerios de Turismo, de Defensa, la Polic\u00eda Nacional y otras &nbsp;instituciones dar\u00e1n apoyo al operativo preventivo \u201cConciencia por la Vida Semana Santa 2023\u201d, que&hellip; <\/p>\n","protected":false},"author":2,"featured_media":2379,"comment_status":"closed","ping_status":"closed","sticky":false,"template":"","format":"standard","meta":{"fifu_image_url":"","fifu_image_alt":"","footnotes":""},"categories":[16],"tags":[],"class_list":["post-2378","post","type-post","status-publish","format-standard","has-post-thumbnail","hentry","category-seguridad"],"_links":{"self":[{"href":"https:\/\/elmundodelapolitica.com\/v1\/wp-json\/wp\/v2\/posts\/2378","targetHints":{"allow":["GET"]}}],"collection":[{"href":"https:\/\/elmundodelapolitica.com\/v1\/wp-json\/wp\/v2\/posts"}],"about":[{"href":"https:\/\/elmundodelapolitica.com\/v1\/wp-json\/wp\/v2\/types\/post"}],"author":[{"embeddable":true,"href":"https:\/\/elmundodelapolitica.com\/v1\/wp-json\/wp\/v2\/users\/2"}],"replies":[{"embeddable":true,"href":"https:\/\/elmundodelapolitica.com\/v1\/wp-json\/wp\/v2\/comments?post=2378"}],"version-history":[{"count":1,"href":"https:\/\/elmundodelapolitica.com\/v1\/wp-json\/wp\/v2\/posts\/2378\/revisions"}],"predecessor-version":[{"id":2380,"href":"https:\/\/elmundodelapolitica.com\/v1\/wp-json\/wp\/v2\/posts\/2378\/revisions\/2380"}],"wp:featuredmedia":[{"embeddable":true,"href":"https:\/\/elmundodelapolitica.com\/v1\/wp-json\/wp\/v2\/media\/2379"}],"wp:attachment":[{"href":"https:\/\/elmundodelapolitica.com\/v1\/wp-json\/wp\/v2\/media?parent=2378"}],"wp:term":[{"taxonomy":"category","embeddable":true,"href":"https:\/\/elmundodelapolitica.com\/v1\/wp-json\/wp\/v2\/categories?post=2378"},{"taxonomy":"post_tag","embeddable":true,"href":"https:\/\/elmundodelapolitica.com\/v1\/wp-json\/wp\/v2\/tags?post=2378"}],"curies":[{"name":"wp","href":"https:\/\/api.w.org\/{rel}","templated":true}]}}