{"id":2377,"date":"2023-04-03T06:58:04","date_gmt":"2023-04-03T10:58:04","guid":{"rendered":"https:\/\/elmundodelapolitica.com\/v1\/?p=2377"},"modified":"2023-04-03T06:58:04","modified_gmt":"2023-04-03T10:58:04","slug":"alpha-finanzas-reconocida-propiciar-inclusion-financiera-dominicanos","status":"publish","type":"post","link":"https:\/\/elmundodelapolitica.com\/v1\/alpha-finanzas-reconocida-propiciar-inclusion-financiera-dominicanos\/","title":{"rendered":"Alpha Finanzas reconocida propiciar inclusi\u00f3n financiera dominicanos"},"content":{"rendered":"<div>\n<p>Santo Domingo, abril 2023.- Producto de desarrollar una soluci\u00f3n 100% digital para la inclusi\u00f3n financiera de los dominicanos a trav\u00e9s del uso avanzado de las Tecnolog\u00edas de la Informaci\u00f3n y Comunicaci\u00f3n (TIC), la empresa Alpha Finanzas recibi\u00f3 un reconocimiento especial en innovaci\u00f3n, categor\u00eda Mediana Empresa, en el Premio Nacional a la Calidad del Sector Privado.<\/p>\n<p>Christian Pichardo, CEO de Alpha Finanzas, explic\u00f3 que dise\u00f1aron la plataforma tecnol\u00f3gica MIO en la cual se han registrado miles de personas y Mipymes de las 32 provincias del pa\u00eds, en m\u00e1s de 20 categor\u00edas de negocio, promoviendo un incremento en promedio de un 25% sus ventas, generando mayores ingresos e impactando directamente a miles de familias dominicanas en todo el pa\u00eds.<\/p>\n<p>\u201cNos enorgullece haber participado por primera vez y recibir este reconocimiento, es un gran impulso para continuar ayudando desde el mundo Fintech a personas y negocios en el manejo adecuado de las finanzas mediante plataformas digitales y pr\u00e1cticas que permitan la inclusi\u00f3n financiera\u201d, expres\u00f3 Pichardo.<\/p>\n<p>A trav\u00e9s de la aplicaci\u00f3n MIO Negocios (as\u00ed se encuentra en las tiendas de Apple y Google), de manera f\u00e1cil, simple y segura, personas y comercios pueden afiliarse en l\u00ednea y empezar a cobrar con tarjetas de cr\u00e9dito y d\u00e9bito, desde su celular. Asimismo, con la Cuenta de Pago Electr\u00f3nico MIO Banreservas, se busca atender a personas que no est\u00e1n bancarizadas y necesitan herramientas para gestionar su dinero y finanzas a trav\u00e9s de una cuenta y una credencial -tarjeta-, sin costo.<\/p>\n<p>Ignacio M\u00e9ndez, director del Premio; Euri And\u00fajar presidente de la Asociaci\u00f3n Nacional de Empresas e Industrias Herrera (ANEIH); Katja Afheldt, embajadora de la Delegaci\u00f3n de la Uni\u00f3n Europea en la Rep\u00fablica Dominicana, y Celso Juan Marranzini, presidente del Consejo Nacional de la Empresa Privada (CONEP) y miembro del Consejo del Premio, entregaron el reconocimiento al representante de Alpha Finanzas, durante una ceremonia de premiaci\u00f3n que cont\u00f3 con la participaci\u00f3n del presidente Luis Abinader.<\/p>\n<p>El Premio Nacional a la Calidad del Sector Privado de Rep\u00fablica Dominicana es el m\u00e1ximo reconocimiento en el \u00e1mbito nacional que se otorga a la gesti\u00f3n de calidad y excelencia de las empresas dominicanas dedicadas a la producci\u00f3n de bienes y servicios en el pa\u00eds, por sus esfuerzos en mejorar su desempe\u00f1o, competitividad y desarrollo sostenible; comparable con la gesti\u00f3n de otras organizaciones de excelencia en el \u00e1mbito internacional.<\/p>\n<\/div>\n","protected":false},"excerpt":{"rendered":"<p>Santo Domingo, abril 2023.- Producto de desarrollar una soluci\u00f3n 100% digital para la inclusi\u00f3n financiera de los dominicanos a trav\u00e9s del uso avanzado de las Tecnolog\u00edas de la Informaci\u00f3n y&hellip; <\/p>\n","protected":false},"author":2,"featured_media":0,"comment_status":"closed","ping_status":"closed","sticky":false,"template":"","format":"standard","meta":{"fifu_image_url":"","fifu_image_alt":"","footnotes":""},"categories":[63],"tags":[],"class_list":["post-2377","post","type-post","status-publish","format-standard","hentry","category-actualidad"],"_links":{"self":[{"href":"https:\/\/elmundodelapolitica.com\/v1\/wp-json\/wp\/v2\/posts\/2377","targetHints":{"allow":["GET"]}}],"collection":[{"href":"https:\/\/elmundodelapolitica.com\/v1\/wp-json\/wp\/v2\/posts"}],"about":[{"href":"https:\/\/elmundodelapolitica.com\/v1\/wp-json\/wp\/v2\/types\/post"}],"author":[{"embeddable":true,"href":"https:\/\/elmundodelapolitica.com\/v1\/wp-json\/wp\/v2\/users\/2"}],"replies":[{"embeddable":true,"href":"https:\/\/elmundodelapolitica.com\/v1\/wp-json\/wp\/v2\/comments?post=2377"}],"version-history":[{"count":0,"href":"https:\/\/elmundodelapolitica.com\/v1\/wp-json\/wp\/v2\/posts\/2377\/revisions"}],"wp:attachment":[{"href":"https:\/\/elmundodelapolitica.com\/v1\/wp-json\/wp\/v2\/media?parent=2377"}],"wp:term":[{"taxonomy":"category","embeddable":true,"href":"https:\/\/elmundodelapolitica.com\/v1\/wp-json\/wp\/v2\/categories?post=2377"},{"taxonomy":"post_tag","embeddable":true,"href":"https:\/\/elmundodelapolitica.com\/v1\/wp-json\/wp\/v2\/tags?post=2377"}],"curies":[{"name":"wp","href":"https:\/\/api.w.org\/{rel}","templated":true}]}}