{"id":2373,"date":"2023-04-02T16:55:25","date_gmt":"2023-04-02T20:55:25","guid":{"rendered":"https:\/\/elmundodelapolitica.com\/v1\/?p=2373"},"modified":"2023-04-02T16:55:27","modified_gmt":"2023-04-02T20:55:27","slug":"articulo-haiti-entre-cumbres-te-veas","status":"publish","type":"post","link":"https:\/\/elmundodelapolitica.com\/v1\/articulo-haiti-entre-cumbres-te-veas\/","title":{"rendered":"ARTICULO: Hait\u00ed: Entre cumbres te veas"},"content":{"rendered":"\n<p>Por: Dr. Virgilio M. Malag\u00f3n \u00c1lvarez, PhD,<\/p>\n\n\n\n<p>virgiliomalagonalvarez@gmail.com<\/p>\n\n\n\n<p>Para \u00abEl Mundo de los Negocios\u00bb y dem\u00e1s Multimedios de The Ballester Business &amp; Media Group, Inc.<\/p>\n\n\n\n<p>La comunidad internacional, una vez m\u00e1s, esta perpleja y boquiabierta ante el paup\u00e9rrimo resultado del encuentro entre los dignatarios de Estados Unidos y Canad\u00e1, en lo referente al abordaje de la crisis del Estado Fallido Haitiano.<\/p>\n\n\n\n<p>Ambos mandatarios prefirieron escoger una v\u00eda acomodada a sus intereses econ\u00f3micos y geopol\u00edticos, para s\u00f3lo dar a conocer medidas y paliativos econ\u00f3micos y financieros, sin encarar de frente las causas reales de esa crisis.<\/p>\n\n\n\n<p>A\u00fan y, en el caso de que asi se efectuara, la persecuci\u00f3n legal a los oligarcas haitianos no es suficiente.<\/p>\n\n\n\n<p>Hait\u00ed necesita volver a rescatar un estado de derechos y garant\u00edas p\u00fablicas, lo antes posible.<\/p>\n\n\n\n<p>En la reci\u00e9n finalizada XXVIII Cumbre de Iberoamericana de Jefes y Jefas de Estado y de Gobierno, escuchamos pronunciamientos enardecidos y ret\u00f3ricos. Veamos:<\/p>\n\n\n\n<p>1-En su Declaraci\u00f3n de Santo Domingo, ese conglomerado acord\u00f3 que:<\/p>\n\n\n\n<p>\u00a8 No.29. Reiteramos nuestra profunda preocupaci\u00f3n por el progresivo deterioro de la situaci\u00f3n de seguridad p\u00fablica y humanitaria en la Rep\u00fablica de Hait\u00ed. Nos solidarizamos con el pueblo haitiano frente a esta estremecedora realidad. Destacamos los esfuerzos subregionales, regionales e internacionales de acompa\u00f1amiento al proceso de di\u00e1logo entre el Gobierno, los distintos partidos pol\u00edticos, instituciones y otros actores de la sociedad haitiana, con el objetivo de trazar una hoja de ruta que les permita salir de la compleja crisis que les aqueja. Reconocemos los ingentes esfuerzos desplegados por el Gobierno de Rep\u00fablica Dominicana y otros pa\u00edses iberoamericanos para contribuir a una soluci\u00f3n a la dif\u00edcil situaci\u00f3n humanitaria por la cual atraviesa la hermana Rep\u00fablica de Hait\u00ed<em>. Hacemos un llamado para que la comunidad y los organismos internacionales a\u00fanen esfuerzos que permitan encontrar una salida a esta compleja crisis, basados en los principios de solidaridad y cooperaci\u00f3n internacional<\/em><em>, con la anuencia y participaci\u00f3n de Hait\u00ed<\/em>\u00a8.&nbsp;<\/p>\n\n\n\n<p>2-Es importante se\u00f1alar que este Comunicado contrasta grandemente con algunos de los pronunciamientos escuchados en ese conclave.<\/p>\n\n\n\n<p>a)-Luis Abinader Corona: \u00a8Sin Pacificaci\u00f3n NO habr\u00e1 soluci\u00f3n en Hait\u00ed\u00a8.<\/p>\n\n\n\n<p>b)-Pedro Sanchez: \u00a8Cuentas con el apoyo de Espa\u00f1a para escalar, a nivel multilateral, la crisis que se esta viviendo en Hait\u00ed\u00a8.&nbsp;&nbsp;<\/p>\n\n\n\n<p>c)-Andr\u00e9s Allamanda: \u00a8El tratamiento que reformul\u00f3 el presidente Abinader, es muy elocuente y preciso, sin pacificaci\u00f3n NO hay soluci\u00f3n en Hait\u00ed. El paso previo, para aquellas medidas de reconstrucci\u00f3n, que son MUY necesarias, como lo son la de creaci\u00f3n de instituciones y de normalizaci\u00f3n, tienen que pasar por una etapa de pacificaci\u00f3n, sin la cual, todos los esfuerzos ser\u00e1n est\u00e9riles\u00a8.<\/p>\n\n\n\n<p>d)-Rodrigo Ch\u00e1vez: \u00a8Esta Conferencia tiene que ser un respaldo vigoroso para que ese pa\u00eds (Hait\u00ed) vuelva a tener control, para asi poder controlar la violencia que existe en ese Estado Fallido\u00a8. \u00a8Hay que apagar el incendio para preguntarnos como vamos a reconstruir esa casa\u00a8.<\/p>\n\n\n\n<p>Como el Lector podr\u00e1 apreciar, la ret\u00f3rica vanguardista super\u00f3 con creces el Punto No.29, de la Declaraci\u00f3n ya citada mas arriba.<\/p>\n\n\n\n<p>Desgraciadamente, y asi lo ha plasmado la historia de las naciones, s\u00f3lo con el uso de una fuerza coercitiva y bien entrenada, se puede lograr recuperar la institucionalidad en el Estado Fallido Haitiano.<\/p>\n\n\n\n<p>Esta fuerza coercitiva no puede tener rasgos de improvisaci\u00f3n, en lo referente a una l\u00ednea de tiempo, para lograr los objetivos siguientes:<\/p>\n\n\n\n<p>1-Reduccion a la obediencia de los grupos armados insulares.<\/p>\n\n\n\n<p>2-Fortalecimiento de las fuerzas del Orden P\u00fablico.<\/p>\n\n\n\n<p>3-Intervencion sistem\u00e1tica para rehabilitar los centros de salud, incluyendo medicinas y personal calificado.<\/p>\n\n\n\n<p>4-Reapertura del aparato administrativo del Estado.<\/p>\n\n\n\n<p>5-Incorporacion gradual de la fuerza laboral ociosa, tanto p\u00fablica como privada.<\/p>\n\n\n\n<p>6-Programar una l\u00ednea de tiempo para la reactivaci\u00f3n de los centros escolares, bancos, centros de servicios m\u00faltiples, etc.<\/p>\n\n\n\n<p>Una vez que se hayan ejecutado los seis puntos anteriores, entonces habr\u00e1 un clima propicio para llevar a cabo elecciones congresuales, municipales y Presidencial.<\/p>\n\n\n\n<p><em>SE ME OLVIDABA: Todav\u00eda faltan mas foros internacionales donde se tratar\u00e1 el tema del estado fallido Haitiano: El PARLACEN, Internacional Socialista, etc. Pregunto: \u00bfSe tratar\u00e1 tambi\u00e9n en la pr\u00f3xima DAVOS 2024?<\/em><\/p>\n\n\n\n<p>Para finalizar, hago un llamado a los responsables, de estos foros regionales, para que adopten esta agenda, de&nbsp; los seis puntos sugeridos, de manera que el Caribe Insular, Centro y Sur America, puedan estar libres de sucesos imprevistos y perturbadores, producto de la emigraci\u00f3n de los nacionales haitianos, el tr\u00e1fico de estupefacientes y armas.<\/p>\n","protected":false},"excerpt":{"rendered":"<p>Por: Dr. Virgilio M. Malag\u00f3n \u00c1lvarez, PhD, virgiliomalagonalvarez@gmail.com Para \u00abEl Mundo de los Negocios\u00bb y dem\u00e1s Multimedios de The Ballester Business &amp; Media Group, Inc. La comunidad internacional, una vez&hellip; <\/p>\n","protected":false},"author":2,"featured_media":284,"comment_status":"open","ping_status":"open","sticky":false,"template":"","format":"standard","meta":{"fifu_image_url":"","fifu_image_alt":"","footnotes":""},"categories":[4,54],"tags":[],"class_list":["post-2373","post","type-post","status-publish","format-standard","has-post-thumbnail","hentry","category-articulo","category-politica_exterior"],"_links":{"self":[{"href":"https:\/\/elmundodelapolitica.com\/v1\/wp-json\/wp\/v2\/posts\/2373","targetHints":{"allow":["GET"]}}],"collection":[{"href":"https:\/\/elmundodelapolitica.com\/v1\/wp-json\/wp\/v2\/posts"}],"about":[{"href":"https:\/\/elmundodelapolitica.com\/v1\/wp-json\/wp\/v2\/types\/post"}],"author":[{"embeddable":true,"href":"https:\/\/elmundodelapolitica.com\/v1\/wp-json\/wp\/v2\/users\/2"}],"replies":[{"embeddable":true,"href":"https:\/\/elmundodelapolitica.com\/v1\/wp-json\/wp\/v2\/comments?post=2373"}],"version-history":[{"count":1,"href":"https:\/\/elmundodelapolitica.com\/v1\/wp-json\/wp\/v2\/posts\/2373\/revisions"}],"predecessor-version":[{"id":2374,"href":"https:\/\/elmundodelapolitica.com\/v1\/wp-json\/wp\/v2\/posts\/2373\/revisions\/2374"}],"wp:featuredmedia":[{"embeddable":true,"href":"https:\/\/elmundodelapolitica.com\/v1\/wp-json\/wp\/v2\/media\/284"}],"wp:attachment":[{"href":"https:\/\/elmundodelapolitica.com\/v1\/wp-json\/wp\/v2\/media?parent=2373"}],"wp:term":[{"taxonomy":"category","embeddable":true,"href":"https:\/\/elmundodelapolitica.com\/v1\/wp-json\/wp\/v2\/categories?post=2373"},{"taxonomy":"post_tag","embeddable":true,"href":"https:\/\/elmundodelapolitica.com\/v1\/wp-json\/wp\/v2\/tags?post=2373"}],"curies":[{"name":"wp","href":"https:\/\/api.w.org\/{rel}","templated":true}]}}