{"id":2346,"date":"2023-03-30T20:04:06","date_gmt":"2023-03-31T00:04:06","guid":{"rendered":"https:\/\/elmundodelapolitica.com\/v1\/?p=2346"},"modified":"2023-03-30T20:04:06","modified_gmt":"2023-03-31T00:04:06","slug":"delegacion-dominicana-participa-en-seminario-construyendo-democracia-de-la-ii-cumbre-por-la-democracia","status":"publish","type":"post","link":"https:\/\/elmundodelapolitica.com\/v1\/delegacion-dominicana-participa-en-seminario-construyendo-democracia-de-la-ii-cumbre-por-la-democracia\/","title":{"rendered":"Delegaci\u00f3n dominicana participa en seminario \u201cConstruyendo Democracia\u201d de la II Cumbre por la Democracia"},"content":{"rendered":"\n<p>San Jos\u00e9, Costa Rica.-&nbsp;<strong>El ministro de la Juventud, Rafael Jes\u00fas F\u00e9liz Garc\u00eda,<\/strong>&nbsp;encabeza la&nbsp;<strong>delegaci\u00f3n dominicana<\/strong>&nbsp;que participa en el seminario&nbsp;<strong>\u201cConstruyendo Democracia\u201d<\/strong>&nbsp;efectuado en esta ciudad y que finaliza este viernes, dentro del marco de la<strong>&nbsp;II Cumbre por la Democracia.<\/strong><\/p>\n\n\n\n<p>En el evento se analiza la situaci\u00f3n de cada pa\u00eds sobre el&nbsp;<strong>involucramiento y las participaciones disponibles para las juventudes<\/strong>, as\u00ed como el nivel de&nbsp;<strong>desencanto<\/strong>&nbsp;de esta poblaci\u00f3n con la pol\u00edtica.&nbsp;<\/p>\n\n\n\n<p><em>\u201cHay muchos j\u00f3venes haciendo participaci\u00f3n pol\u00edtica desde los partidos, sobre todo en temas de la sostenibilidad y el medio ambiente, lo cual ha llamado mucho la atenci\u00f3n y es una tendencia nueva, c\u00f3mo los j\u00f3venes pueden participar en la pol\u00edtica desde la participaci\u00f3n social juvenil\u201d,<\/em>&nbsp;detall\u00f3 F\u00e9liz Garc\u00eda.&nbsp;&nbsp;<\/p>\n\n\n\n<p>El titular de la Juventud form\u00f3 parte del panel con el tema&nbsp;<strong>\u201cRetos y desaf\u00edos de la participaci\u00f3n joven\u201d&nbsp;<\/strong>junto a&nbsp;<strong>Carlos Rubio<\/strong>, exministro del Gobierno en Panam\u00e1;&nbsp;<strong>Gabriella Guerrero<\/strong>, directora de Facilitaci\u00f3n de Inversiones de Ecuador, y&nbsp;<strong>Roy Gonz\u00e1lez,<\/strong>&nbsp;investigador de Costa Rica y parte de&nbsp; Agenda Joven \u2013 UNED.<\/p>\n\n\n\n<p>El ministro extern\u00f3 su parecer respecto al tema:&nbsp;<em>\u201cHay que pasar de la democracia representativa, de personas que nos representan en un curul, que es un espacio de poder legislativo, a crear espacios y mecanismos de participaci\u00f3n ciudadana\"<\/em>.<\/p>\n\n\n\n<figure class=\"wp-block-image\"><img decoding=\"async\" src=\"https:\/\/presidencia.gob.do\/sites\/default\/files\/content\/Ministro%20de%20la%20Juventud%20encabeza%20delegaci%C3%B3n%20RD%20%283%29.jpg\" alt=\"\"\/><\/figure>\n\n\n\n<p>Dentro de las actividades pautadas se incluye el tema&nbsp;<strong>\u201c\u00bfQu\u00e9 implica ser una persona joven con participaci\u00f3n activa?\u201d<\/strong>&nbsp;y se realizan mesas de trabajo en torno a&nbsp;<strong>\u201c\u00bfC\u00f3mo podemos mejorar las opciones de participaciones j\u00f3venes desde la ADD y sus pa\u00edses miembros?\u201d.<\/strong>&nbsp;<\/p>\n\n\n\n<p>F\u00e9liz Garc\u00eda encabeza la delegaci\u00f3n acompa\u00f1ado de Winston Paulino, director de Gabinete del Ministerio de la Juventud. Tambi\u00e9n est\u00e1n presentes, Jatzel Rom\u00e1n, funcionario de Ministerio de Relaciones Exteriores; Danilsa Pe\u00f1a, presidenta de la Red Latinoamericana de J\u00f3venes por la Democracia, y Miguel Marte, analista de Pol\u00edtica Exterior del Ministerio de Relaciones Exteriores.<\/p>\n\n\n\n<p>El evento es organizado por la&nbsp;<strong>Fundaci\u00f3n Konrad Adenauer, oficina en Costa Rica (KAS), y el Instituto Republicano Internacional (IRI)<\/strong>, en el marco de la II Cumbre por la Democracia, y acompa\u00f1ando al pa\u00eds anfitri\u00f3n est\u00e1n las delegaciones de Rep\u00fablica Dominicana, Panam\u00e1 y Ecuador, en busca de conocer las experiencias de distintos j\u00f3venes pertenecientes a los<strong>&nbsp;cuatro pa\u00edses de la Alianza para el Desarrollo de la Democracia (ADD)<\/strong>, con una participaci\u00f3n activa, ya sea por medio de espacios pol\u00edticos o por medio de movimientos sociales.<\/p>\n\n\n\n<p>Asimismo, se quiere construir acuerdos y soluciones que permitan&nbsp;<strong>fortalecer la participaci\u00f3n de los j\u00f3venes&nbsp;<\/strong>en los procesos orientados a enriquecer los sistemas democr\u00e1ticos, ya que en&nbsp;<strong>esto se basa la Segunda Cumbre por la Democracia.<\/strong><\/p>\n","protected":false},"excerpt":{"rendered":"<p>San Jos\u00e9, Costa Rica.-&nbsp;El ministro de la Juventud, Rafael Jes\u00fas F\u00e9liz Garc\u00eda,&nbsp;encabeza la&nbsp;delegaci\u00f3n dominicana&nbsp;que participa en el seminario&nbsp;\u201cConstruyendo Democracia\u201d&nbsp;efectuado en esta ciudad y que finaliza este viernes, dentro del marco&hellip; <\/p>\n","protected":false},"author":2,"featured_media":2347,"comment_status":"open","ping_status":"open","sticky":false,"template":"","format":"standard","meta":{"fifu_image_url":"","fifu_image_alt":"","footnotes":""},"categories":[63],"tags":[],"class_list":["post-2346","post","type-post","status-publish","format-standard","has-post-thumbnail","hentry","category-actualidad"],"_links":{"self":[{"href":"https:\/\/elmundodelapolitica.com\/v1\/wp-json\/wp\/v2\/posts\/2346","targetHints":{"allow":["GET"]}}],"collection":[{"href":"https:\/\/elmundodelapolitica.com\/v1\/wp-json\/wp\/v2\/posts"}],"about":[{"href":"https:\/\/elmundodelapolitica.com\/v1\/wp-json\/wp\/v2\/types\/post"}],"author":[{"embeddable":true,"href":"https:\/\/elmundodelapolitica.com\/v1\/wp-json\/wp\/v2\/users\/2"}],"replies":[{"embeddable":true,"href":"https:\/\/elmundodelapolitica.com\/v1\/wp-json\/wp\/v2\/comments?post=2346"}],"version-history":[{"count":1,"href":"https:\/\/elmundodelapolitica.com\/v1\/wp-json\/wp\/v2\/posts\/2346\/revisions"}],"predecessor-version":[{"id":2348,"href":"https:\/\/elmundodelapolitica.com\/v1\/wp-json\/wp\/v2\/posts\/2346\/revisions\/2348"}],"wp:featuredmedia":[{"embeddable":true,"href":"https:\/\/elmundodelapolitica.com\/v1\/wp-json\/wp\/v2\/media\/2347"}],"wp:attachment":[{"href":"https:\/\/elmundodelapolitica.com\/v1\/wp-json\/wp\/v2\/media?parent=2346"}],"wp:term":[{"taxonomy":"category","embeddable":true,"href":"https:\/\/elmundodelapolitica.com\/v1\/wp-json\/wp\/v2\/categories?post=2346"},{"taxonomy":"post_tag","embeddable":true,"href":"https:\/\/elmundodelapolitica.com\/v1\/wp-json\/wp\/v2\/tags?post=2346"}],"curies":[{"name":"wp","href":"https:\/\/api.w.org\/{rel}","templated":true}]}}