{"id":2344,"date":"2023-03-30T11:34:43","date_gmt":"2023-03-30T15:34:43","guid":{"rendered":"https:\/\/elmundodelapolitica.com\/v1\/?p=2344"},"modified":"2023-03-30T11:34:43","modified_gmt":"2023-03-30T15:34:43","slug":"resalta-camara-comercio-cultura-espanola-a-traves-sus-vinos-y-gastronomia","status":"publish","type":"post","link":"https:\/\/elmundodelapolitica.com\/v1\/resalta-camara-comercio-cultura-espanola-a-traves-sus-vinos-y-gastronomia\/","title":{"rendered":"Resalta C\u00e1mara Comercio cultura espa\u00f1ola a trav\u00e9s sus vinos y gastronom\u00eda"},"content":{"rendered":"<div>\n<p><strong>SANTO DOMINGO<\/strong>, R.D. Marzo, 2023.- La C\u00e1mara Oficial Espa\u00f1ola de Comercio, Industria y Turismo de la Rep\u00fablica Dominicana, realiz\u00f3 la tradicional \u201cNoche de vinos y gastronom\u00eda espa\u00f1ola\u201d, en la que resalta parte de la riqueza de la cultura espa\u00f1ola, ofertada en el pa\u00eds por empresas vin\u00edcolas y restaurantes de clase mundial.\u00a0<\/p>\n<p>En esta ocasi\u00f3n, participaron las empresas importadoras de vinos,\u00a0\u00c1lvarez &amp; S\u00e1nchez, S.A., Casa Brugal, El Celler, El Catador, La Bodega, Sembra y Se\u00f1or Vino. Mientras que, la parte gastron\u00f3mica estuvo representada por los restaurantes Barelo, Casa Menc\u00eda, Espa\u00f1oler\u00edas, Mes\u00f3n Iberia y Rinc\u00f3n de Vicente, quienes hicieron transportar a los presentes a tierras espa\u00f1olas a trav\u00e9s de su mundialmente conocida gastronom\u00eda y sus vinos de gran calidad internacional.<\/p>\n<div class=\"wp-block-image\">\n<figure class=\"aligncenter size-large\"><img loading=\"lazy\" data-attachment-id=\"27012\" data-permalink=\"https:\/\/elmundodelosnegocios.com.do\/v1\/index.php\/2023\/03\/30\/resalta-camara-comercio-cultura-espanola-a-traves-sus-vinos-y-gastronomia\/dsc9527\/\" data-orig-file=\"https:\/\/i0.wp.com\/elmundodelosnegocios.com.do\/v1\/wp-content\/uploads\/2023\/03\/DSC9527.jpg?fit=1636%2C1329&amp;ssl=1\" data-orig-size=\"1636,1329\" data-comments-opened=\"0\" data-image-meta='{\"aperture\":\"0\",\"credit\":\"\",\"camera\":\"\",\"caption\":\"\",\"created_timestamp\":\"0\",\"copyright\":\"\",\"focal_length\":\"0\",\"iso\":\"0\",\"shutter_speed\":\"0\",\"title\":\"\",\"orientation\":\"0\"}' data-image-title=\"DSC9527\" data-image-description=\"\" data-image-caption=\"\" data-medium-file=\"https:\/\/i0.wp.com\/elmundodelosnegocios.com.do\/v1\/wp-content\/uploads\/2023\/03\/DSC9527.jpg?fit=300%2C244&amp;ssl=1\" data-large-file=\"https:\/\/i0.wp.com\/elmundodelosnegocios.com.do\/v1\/wp-content\/uploads\/2023\/03\/DSC9527.jpg?fit=1024%2C832&amp;ssl=1\" decoding=\"async\" width=\"1024\" height=\"832\" src=\"https:\/\/i0.wp.com\/elmundodelosnegocios.com.do\/v1\/wp-content\/uploads\/2023\/03\/DSC9527-1024x832.jpg?resize=1024,832&amp;ssl=1\" alt=\"\" class=\"wp-image-27012\" srcset=\"https:\/\/i0.wp.com\/elmundodelosnegocios.com.do\/v1\/wp-content\/uploads\/2023\/03\/DSC9527.jpg?resize=1024%2C832&amp;ssl=1 1024w, https:\/\/i0.wp.com\/elmundodelosnegocios.com.do\/v1\/wp-content\/uploads\/2023\/03\/DSC9527.jpg?resize=300%2C244&amp;ssl=1 300w, https:\/\/i0.wp.com\/elmundodelosnegocios.com.do\/v1\/wp-content\/uploads\/2023\/03\/DSC9527.jpg?resize=768%2C624&amp;ssl=1 768w, https:\/\/i0.wp.com\/elmundodelosnegocios.com.do\/v1\/wp-content\/uploads\/2023\/03\/DSC9527.jpg?resize=1536%2C1248&amp;ssl=1 1536w, https:\/\/i0.wp.com\/elmundodelosnegocios.com.do\/v1\/wp-content\/uploads\/2023\/03\/DSC9527.jpg?w=1636&amp;ssl=1 1636w\" sizes=\"auto, (max-width: 1024px) 100vw, 1024px\" data-recalc-dims=\"1\"><\/figure>\n<\/div>\n<p>\u201cPara la C\u00e1mara Espa\u00f1ola esta plataforma reafirma su compromiso con la promoci\u00f3n de los productos espa\u00f1oles, difusi\u00f3n de su cultura y ambiente social y de networking para sus socios y relacionados. Cabe destacar que, la insuperable calidad de los vinos espa\u00f1oles, producidos en hist\u00f3ricas regiones de Espa\u00f1a, hace que en la Rep\u00fablica Dominicana encuentren apasionados adeptos a sus caldos, y gracias a la eficiencia en servicios de estas casas importadoras participantes, las bodegas espa\u00f1olas tienen constante presencia en el mercado dominicano\u201d, enfatiz\u00f3 Don Francisco P\u00e9rez, presidente de la C\u00e1mara.\u00a0<\/p>\n<p>De igual forma, los asistentes degustaron de la calidad y los sabores que distinguen a la cocina espa\u00f1ola, a trav\u00e9s de los diversos restaurantes que fueron parte de esta gran experiencia culinaria, en un recorrido por la exquisitez de su cocina.\u00a0<\/p>\n<p>El evento realizado en\u00a0el sal\u00f3n principal de Casa Espa\u00f1a cont\u00f3 adem\u00e1s de la presencia del presidente de la C\u00e1mara, Don Francisco P\u00e9rez, con el Primer vicepresidente, miembros\u00a0de la Junta Directiva de la C\u00e1mara Espa\u00f1ola e invitados especiales.<\/p>\n<p>La C\u00e1mara Oficial Espa\u00f1ola fue fundada en 1924, con el objetivo de fomentar las relaciones comerciales entre ambas naciones, brindar asistencia t\u00e9cnica empresarial a la colonia espa\u00f1ola radicada en el pa\u00eds y contribuir con el desarrollo de la Rep\u00fablica Dominicana.<\/p>\n<\/div>\n","protected":false},"excerpt":{"rendered":"<p>SANTO DOMINGO, R.D. Marzo, 2023.- La C\u00e1mara Oficial Espa\u00f1ola de Comercio, Industria y Turismo de la Rep\u00fablica Dominicana, realiz\u00f3 la tradicional \u201cNoche de vinos y gastronom\u00eda espa\u00f1ola\u201d, en la que&hellip; <\/p>\n","protected":false},"author":2,"featured_media":2345,"comment_status":"closed","ping_status":"closed","sticky":false,"template":"","format":"standard","meta":{"fifu_image_url":"https:\/\/i0.wp.com\/elmundodelosnegocios.com.do\/v1\/wp-content\/uploads\/2023\/03\/DSC9527-1024x832.jpg?resize=1024,832&ssl=1","fifu_image_alt":"Resalta C\u00e1mara Comercio cultura espa\u00f1ola a trav\u00e9s sus vinos y gastronom\u00eda","footnotes":""},"categories":[63],"tags":[],"class_list":["post-2344","post","type-post","status-publish","format-standard","has-post-thumbnail","hentry","category-actualidad"],"_links":{"self":[{"href":"https:\/\/elmundodelapolitica.com\/v1\/wp-json\/wp\/v2\/posts\/2344","targetHints":{"allow":["GET"]}}],"collection":[{"href":"https:\/\/elmundodelapolitica.com\/v1\/wp-json\/wp\/v2\/posts"}],"about":[{"href":"https:\/\/elmundodelapolitica.com\/v1\/wp-json\/wp\/v2\/types\/post"}],"author":[{"embeddable":true,"href":"https:\/\/elmundodelapolitica.com\/v1\/wp-json\/wp\/v2\/users\/2"}],"replies":[{"embeddable":true,"href":"https:\/\/elmundodelapolitica.com\/v1\/wp-json\/wp\/v2\/comments?post=2344"}],"version-history":[{"count":0,"href":"https:\/\/elmundodelapolitica.com\/v1\/wp-json\/wp\/v2\/posts\/2344\/revisions"}],"wp:featuredmedia":[{"embeddable":true,"href":"https:\/\/elmundodelapolitica.com\/v1\/wp-json\/wp\/v2\/media\/2345"}],"wp:attachment":[{"href":"https:\/\/elmundodelapolitica.com\/v1\/wp-json\/wp\/v2\/media?parent=2344"}],"wp:term":[{"taxonomy":"category","embeddable":true,"href":"https:\/\/elmundodelapolitica.com\/v1\/wp-json\/wp\/v2\/categories?post=2344"},{"taxonomy":"post_tag","embeddable":true,"href":"https:\/\/elmundodelapolitica.com\/v1\/wp-json\/wp\/v2\/tags?post=2344"}],"curies":[{"name":"wp","href":"https:\/\/api.w.org\/{rel}","templated":true}]}}