{"id":2338,"date":"2023-03-30T01:08:39","date_gmt":"2023-03-30T05:08:39","guid":{"rendered":"https:\/\/elmundodelapolitica.com\/v1\/?p=2338"},"modified":"2023-03-30T01:08:39","modified_gmt":"2023-03-30T05:08:39","slug":"resumen-fareye-y-syscons-se-asocian-para-ofrecer-una-experiencia-unificada-al-consumidor-final","status":"publish","type":"post","link":"https:\/\/elmundodelapolitica.com\/v1\/resumen-fareye-y-syscons-se-asocian-para-ofrecer-una-experiencia-unificada-al-consumidor-final\/","title":{"rendered":"Resumen: FarEye y Syscons se asocian para ofrecer una experiencia unificada al consumidor final"},"content":{"rendered":"<p>Esta colaboraci\u00f3n permitir\u00e1 ofrecer de forma conjunta la plataforma de gesti\u00f3n de entregas de FarEye a minoristas, marcas y fabricantes de Europa<br \/>\nCHICAGO&#8211;(BUSINESS WIRE)&#8211;FarEye ha anunciado hoy una colaboraci\u00f3n estrat\u00e9gica con Syscons para ofrecer a minoristas, marcas de moda y fabricantes de Europa una experiencia de entrega final optimizada e integral antes y despu\u00e9s de la compra. La plataforma de gesti\u00f3n de entregas FarEye se integra en la cadena de suministro de Syscons y en las soluciones omnicanal que esta empresa ofrece e implementa, con el objetivo de simplificar y agilizar las implementaciones de los clientes. De esta forma, se consigue una comercializaci\u00f3n m\u00e1s r\u00e1pida y un aumento del valor de sus inversiones. FarEye colaborar\u00e1 con los clientes de Syscons, especialmente con los del sur de Europa, para implantar sus soluciones integrales finales.<\/p>\n<p>El comunicado en el idioma original es la versi\u00f3n oficial y autorizada del mismo. Esta traducci\u00f3n es solamente un medio de ayuda y deber\u00e1 ser comparada con el texto en idioma original, que es la \u00fanica versi\u00f3n del texto que tendr\u00e1 validez legal.<br \/>\n Contacts<br \/>\nContacto de relaciones p\u00fablicas de FarEye:Jolene Peixoto, vicepresidenta de estrategia de marketing y comunicaci\u00f3n, jolene.peixoto@fareye.com<\/p>\n","protected":false},"excerpt":{"rendered":"<div>\n<p class=\"bwalignc\">\n<i>Esta colaboraci\u00f3n permitir\u00e1 ofrecer de forma conjunta la plataforma de gesti\u00f3n de entregas de FarEye a minoristas, marcas y fabricantes de Europa<\/i>\n<\/p>\n<p>CHICAGO&#8211;(BUSINESS WIRE)&#8211;<a target=\"_blank\" href=\"https:\/\/cts.businesswire.com\/ct\/CT?id=smartlink&amp;url=https%3A%2F%2Fwww.fareye.com%2F&amp;esheet=53369595&amp;newsitemid=20230329005218&amp;lan=es-ES&amp;anchor=FarEye&amp;index=1&amp;md5=6c8429e42d52b23391a83032daa4d160\" rel=\"nofollow noopener\">FarEye<\/a> ha anunciado hoy una colaboraci\u00f3n estrat\u00e9gica con <a target=\"_blank\" href=\"https:\/\/cts.businesswire.com\/ct\/CT?id=smartlink&amp;url=https%3A%2F%2Fwww.sysconsgroup.com%2Fabout%2Fsyscons-group%2F&amp;esheet=53369595&amp;newsitemid=20230329005218&amp;lan=es-ES&amp;anchor=Syscons&amp;index=2&amp;md5=25b7518443ee24c5430ac708e695a4a2\" rel=\"nofollow noopener\">Syscons<\/a> para ofrecer a minoristas, marcas de moda y fabricantes de Europa una experiencia de entrega final optimizada e integral antes y despu\u00e9s de la compra. La plataforma de gesti\u00f3n de entregas FarEye se integra en la cadena de suministro de Syscons y en las soluciones omnicanal que esta empresa ofrece e implementa, con el objetivo de simplificar y agilizar las implementaciones de los clientes. De esta forma, se consigue una comercializaci\u00f3n m\u00e1s r\u00e1pida y un aumento del valor de sus inversiones. FarEye colaborar\u00e1 con los clientes de Syscons, especialmente con los del sur de Europa, para implantar sus soluciones integrales finales.\n<\/p>\n<p><a href=\"https:\/\/mms.businesswire.com\/media\/20230329005218\/es\/1648355\/5\/FarEye_logo.jpg\"><img decoding=\"async\" src=\"https:\/\/mms.businesswire.com\/media\/20230329005215\/en\/1648355\/21\/FarEye_logo.jpg\"><\/a><\/p>\n<p>\nEl comunicado en el idioma original es la versi\u00f3n oficial y autorizada del mismo. Esta traducci\u00f3n es solamente un medio de ayuda y deber\u00e1 ser comparada con el texto en idioma original, que es la \u00fanica versi\u00f3n del texto que tendr\u00e1 validez legal.\n<\/p>\n<p> <b>Contacts<\/b> <\/p>\n<p>\n<b>Contacto de relaciones p\u00fablicas de FarEye:<\/b><br \/>Jolene Peixoto, vicepresidenta de estrategia de marketing y comunicaci\u00f3n, <a target=\"_blank\" href=\"mailto:jolene.peixoto@fareye.com\" rel=\"nofollow noopener\">jolene.peixoto@fareye.com<\/a>\n<\/p>\n<\/div>\n","protected":false},"author":2,"featured_media":2339,"comment_status":"closed","ping_status":"closed","sticky":false,"template":"","format":"standard","meta":{"fifu_image_url":"https:\/\/mms.businesswire.com\/media\/20230329005215\/en\/1648355\/21\/FarEye_logo.jpg","fifu_image_alt":"Resumen: FarEye y Syscons se asocian para ofrecer una experiencia unificada al consumidor final","footnotes":""},"categories":[44],"tags":[],"class_list":["post-2338","post","type-post","status-publish","format-standard","has-post-thumbnail","hentry","category-business-wire"],"_links":{"self":[{"href":"https:\/\/elmundodelapolitica.com\/v1\/wp-json\/wp\/v2\/posts\/2338","targetHints":{"allow":["GET"]}}],"collection":[{"href":"https:\/\/elmundodelapolitica.com\/v1\/wp-json\/wp\/v2\/posts"}],"about":[{"href":"https:\/\/elmundodelapolitica.com\/v1\/wp-json\/wp\/v2\/types\/post"}],"author":[{"embeddable":true,"href":"https:\/\/elmundodelapolitica.com\/v1\/wp-json\/wp\/v2\/users\/2"}],"replies":[{"embeddable":true,"href":"https:\/\/elmundodelapolitica.com\/v1\/wp-json\/wp\/v2\/comments?post=2338"}],"version-history":[{"count":0,"href":"https:\/\/elmundodelapolitica.com\/v1\/wp-json\/wp\/v2\/posts\/2338\/revisions"}],"wp:featuredmedia":[{"embeddable":true,"href":"https:\/\/elmundodelapolitica.com\/v1\/wp-json\/wp\/v2\/media\/2339"}],"wp:attachment":[{"href":"https:\/\/elmundodelapolitica.com\/v1\/wp-json\/wp\/v2\/media?parent=2338"}],"wp:term":[{"taxonomy":"category","embeddable":true,"href":"https:\/\/elmundodelapolitica.com\/v1\/wp-json\/wp\/v2\/categories?post=2338"},{"taxonomy":"post_tag","embeddable":true,"href":"https:\/\/elmundodelapolitica.com\/v1\/wp-json\/wp\/v2\/tags?post=2338"}],"curies":[{"name":"wp","href":"https:\/\/api.w.org\/{rel}","templated":true}]}}