{"id":2329,"date":"2023-03-29T10:43:37","date_gmt":"2023-03-29T14:43:37","guid":{"rendered":"https:\/\/elmundodelapolitica.com\/v1\/?p=2329"},"modified":"2023-03-29T10:43:37","modified_gmt":"2023-03-29T14:43:37","slug":"incentiva-ron-barcelo-alianzas-con-lideres-empresariales-iberoamerica","status":"publish","type":"post","link":"https:\/\/elmundodelapolitica.com\/v1\/incentiva-ron-barcelo-alianzas-con-lideres-empresariales-iberoamerica\/","title":{"rendered":"Incentiva Ron Barcel\u00f3 alianzas con l\u00edderes empresariales Iberoam\u00e9rica"},"content":{"rendered":"<div>\n<p><strong>Santo Domingo<\/strong>, R.D. Marzo 29, 2023.- Bajo su compromiso de impulsar acciones que favorezcan el desarrollo productivo y la competitividad del pa\u00eds, Ron Barcel\u00f3 auspici\u00f3 el c\u00f3ctel del IV Encuentro Empresarial Iberoamericano, celebrado en el marco de la XXVIII Cumbre Iberoamericana y que reuni\u00f3 a los principales l\u00edderes y autoridades de los sectores productivos de Iberoam\u00e9rica.<\/p>\n<div class=\"wp-block-image\">\n<figure class=\"aligncenter size-full\"><img loading=\"lazy\" data-attachment-id=\"26985\" data-permalink=\"https:\/\/elmundodelosnegocios.com.do\/v1\/index.php\/2023\/03\/29\/incentiva-ron-barcelo-alianzas-con-lideres-empresariales-iberoamerica\/brindis-barcelo\/\" data-orig-file=\"https:\/\/i0.wp.com\/elmundodelosnegocios.com.do\/v1\/wp-content\/uploads\/2023\/03\/Brindis-Barcelo.jpg?fit=900%2C600&amp;ssl=1\" data-orig-size=\"900,600\" data-comments-opened=\"0\" data-image-meta='{\"aperture\":\"0\",\"credit\":\"\",\"camera\":\"\",\"caption\":\"\",\"created_timestamp\":\"0\",\"copyright\":\"\",\"focal_length\":\"0\",\"iso\":\"0\",\"shutter_speed\":\"0\",\"title\":\"\",\"orientation\":\"0\"}' data-image-title=\"Brindis-Barcelo\" data-image-description=\"\" data-image-caption=\"\" data-medium-file=\"https:\/\/i0.wp.com\/elmundodelosnegocios.com.do\/v1\/wp-content\/uploads\/2023\/03\/Brindis-Barcelo.jpg?fit=300%2C200&amp;ssl=1\" data-large-file=\"https:\/\/i0.wp.com\/elmundodelosnegocios.com.do\/v1\/wp-content\/uploads\/2023\/03\/Brindis-Barcelo.jpg?fit=900%2C600&amp;ssl=1\" decoding=\"async\" width=\"900\" height=\"600\" src=\"https:\/\/i0.wp.com\/elmundodelosnegocios.com.do\/v1\/wp-content\/uploads\/2023\/03\/Brindis-Barcelo.jpg?resize=900,600&amp;ssl=1\" alt=\"\" class=\"wp-image-26985\" srcset=\"https:\/\/i0.wp.com\/elmundodelosnegocios.com.do\/v1\/wp-content\/uploads\/2023\/03\/Brindis-Barcelo.jpg?w=900&amp;ssl=1 900w, https:\/\/i0.wp.com\/elmundodelosnegocios.com.do\/v1\/wp-content\/uploads\/2023\/03\/Brindis-Barcelo.jpg?resize=300%2C200&amp;ssl=1 300w, https:\/\/i0.wp.com\/elmundodelosnegocios.com.do\/v1\/wp-content\/uploads\/2023\/03\/Brindis-Barcelo.jpg?resize=768%2C512&amp;ssl=1 768w\" sizes=\"auto, (max-width: 900px) 100vw, 900px\" data-recalc-dims=\"1\"><figcaption class=\"wp-element-caption\">Brindis Barcel\u00f3<\/figcaption><\/figure>\n<\/div>\n<p>El evento fue inaugurado por el presidente de la Rep\u00fablica, Luis Abinader, y representa un paso m\u00e1s hacia la consolidaci\u00f3n de la Rep\u00fablica Dominicana como una econom\u00eda de fuerte liderazgo en la captaci\u00f3n de Inversi\u00f3n Extranjera Directa (IED) y la promoci\u00f3n de las exportaciones. En ese sentido, el respaldo de Ron Barcel\u00f3 es una apuesta de confianza en el clima de negocios del pa\u00eds y la estabilidad econ\u00f3mica que este posee, as\u00ed como la calidad de sus bienes y servicios de exportaci\u00f3n.\u00a0<\/p>\n<div class=\"wp-block-image\">\n<figure class=\"aligncenter size-full\"><img data-attachment-id=\"26986\" data-permalink=\"https:\/\/elmundodelosnegocios.com.do\/v1\/index.php\/2023\/03\/29\/incentiva-ron-barcelo-alianzas-con-lideres-empresariales-iberoamerica\/alan-hatkoff-antonio-espana-benny-metz-y-luis-estrella\/\" data-orig-file=\"https:\/\/i0.wp.com\/elmundodelosnegocios.com.do\/v1\/wp-content\/uploads\/2023\/03\/Alan-Hatkoff-Antonio-Espana-Benny-Metz-y-Luis-Estrella.jpg?fit=900%2C600&amp;ssl=1\" data-orig-size=\"900,600\" data-comments-opened=\"0\" data-image-meta='{\"aperture\":\"0\",\"credit\":\"\",\"camera\":\"\",\"caption\":\"\",\"created_timestamp\":\"0\",\"copyright\":\"\",\"focal_length\":\"0\",\"iso\":\"0\",\"shutter_speed\":\"0\",\"title\":\"\",\"orientation\":\"0\"}' data-image-title=\"Alan-Hatkoff-Antonio-Espana-Benny-Metz-y-Luis-Estrella\" data-image-description=\"\" data-image-caption=\"\" data-medium-file=\"https:\/\/i0.wp.com\/elmundodelosnegocios.com.do\/v1\/wp-content\/uploads\/2023\/03\/Alan-Hatkoff-Antonio-Espana-Benny-Metz-y-Luis-Estrella.jpg?fit=300%2C200&amp;ssl=1\" data-large-file=\"https:\/\/i0.wp.com\/elmundodelosnegocios.com.do\/v1\/wp-content\/uploads\/2023\/03\/Alan-Hatkoff-Antonio-Espana-Benny-Metz-y-Luis-Estrella.jpg?fit=900%2C600&amp;ssl=1\" decoding=\"async\" loading=\"lazy\" width=\"900\" height=\"600\" src=\"https:\/\/i0.wp.com\/elmundodelosnegocios.com.do\/v1\/wp-content\/uploads\/2023\/03\/Alan-Hatkoff-Antonio-Espana-Benny-Metz-y-Luis-Estrella.jpg?resize=900,600&amp;ssl=1\" alt=\"\" class=\"wp-image-26986\" srcset=\"https:\/\/i0.wp.com\/elmundodelosnegocios.com.do\/v1\/wp-content\/uploads\/2023\/03\/Alan-Hatkoff-Antonio-Espana-Benny-Metz-y-Luis-Estrella.jpg?w=900&amp;ssl=1 900w, https:\/\/i0.wp.com\/elmundodelosnegocios.com.do\/v1\/wp-content\/uploads\/2023\/03\/Alan-Hatkoff-Antonio-Espana-Benny-Metz-y-Luis-Estrella.jpg?resize=300%2C200&amp;ssl=1 300w, https:\/\/i0.wp.com\/elmundodelosnegocios.com.do\/v1\/wp-content\/uploads\/2023\/03\/Alan-Hatkoff-Antonio-Espana-Benny-Metz-y-Luis-Estrella.jpg?resize=768%2C512&amp;ssl=1 768w\" sizes=\"auto, (max-width: 900px) 100vw, 900px\" data-recalc-dims=\"1\"><figcaption class=\"wp-element-caption\">Alan Hatkoff, Antonio Espa\u00f1a, Benny Metz y Luis Estrella<\/figcaption><\/figure>\n<\/div>\n<p>\u201cEstamos orgullosos de formar parte de un encuentro en el que se resaltan las buenas pr\u00e1cticas empresariales de nuestros pa\u00edses. Y para Ron Barcel\u00f3 tiene un significado muy alto, porque se trata de una visi\u00f3n en torno a la generaci\u00f3n de bienestar, la sostenibilidad y la identificaci\u00f3n de oportunidades de crecimiento con perspectiva de desarrollo\u201d, dijo Vinicio Subero, director Global de Expansi\u00f3n de Negocios de Ron Barcel\u00f3.\u00a0<\/p>\n<p>Los valores que distinguen a Ron Barcel\u00f3, entre los que destaca su calidad excepcional y el compromiso social, le han permitido llevar su portafolio de productos a m\u00e1s de 90 pa\u00edses. Estas cualidades, m\u00e1s su adaptabilidad a los paladares m\u00e1s diversos le han convertido en la marca de mayor exportaci\u00f3n en la Rep\u00fablica Dominicana y en la marca de ron oscuro m\u00e1s exportada a nivel mundial.\u00a0<\/p>\n<p>En el marco del IV Encuentro Empresarial Iberoamericano, la empresa destac\u00f3 por poseer el \u00fanico ron dominicano hecho 100 por ciento a partir del jugo de la ca\u00f1a de az\u00facar. Asimismo, se distingue por ser el primer ron en el mundo certificado como Carbono Neutral, bajo la licencia Bil\u00e1n Carbone y el primer destilado en adherirse a la iniciativa Carb\u00f3n Neutral Now de la ONU.\u00a0<\/p>\n<p>Estas acciones se engloban en una visi\u00f3n de responsabilidad social que le llev\u00f3 a auditar su C\u00f3digo de Sostenibilidad RB360 en el proceso de producci\u00f3n del ron, con el respaldo de SGS. El C\u00f3digo RB 360 trabaja un esquema circular, a los que la empresa ha decidido acogerse de manera voluntaria y bajo el que rige todas sus operaciones, considerando el impacto de su actividad empresarial, prestando especial atenci\u00f3n a los aspectos ambientales, humanos y de territorio.\u00a0<\/p>\n<p>Esta visi\u00f3n, junto a las inversiones continuas en innovaci\u00f3n para la sostenibilidad, han convertido a Ron Barcel\u00f3, no s\u00f3lo en una de las preferidas por el gusto de los dominicanos, sino en una de las m\u00e1s admiradas a nivel internacional. Con casi un siglo de operaciones, la empresa mantiene su esencia, sin dar la espalda a las mejoras que le permitan ofrecer un diverso y prestigioso portafolio de productos, reduciendo al m\u00ednimo el impacto ambiental de la producci\u00f3n.\u00a0<\/p>\n<\/div>\n","protected":false},"excerpt":{"rendered":"<p>Santo Domingo, R.D. Marzo 29, 2023.- Bajo su compromiso de impulsar acciones que favorezcan el desarrollo productivo y la competitividad del pa\u00eds, Ron Barcel\u00f3 auspici\u00f3 el c\u00f3ctel del IV Encuentro&hellip; <\/p>\n","protected":false},"author":2,"featured_media":2330,"comment_status":"closed","ping_status":"closed","sticky":false,"template":"","format":"standard","meta":{"fifu_image_url":"https:\/\/i0.wp.com\/elmundodelosnegocios.com.do\/v1\/wp-content\/uploads\/2023\/03\/Brindis-Barcelo.jpg?resize=900,600&ssl=1","fifu_image_alt":"Incentiva Ron Barcel\u00f3 alianzas con l\u00edderes empresariales Iberoam\u00e9rica","footnotes":""},"categories":[63],"tags":[],"class_list":["post-2329","post","type-post","status-publish","format-standard","has-post-thumbnail","hentry","category-actualidad"],"_links":{"self":[{"href":"https:\/\/elmundodelapolitica.com\/v1\/wp-json\/wp\/v2\/posts\/2329","targetHints":{"allow":["GET"]}}],"collection":[{"href":"https:\/\/elmundodelapolitica.com\/v1\/wp-json\/wp\/v2\/posts"}],"about":[{"href":"https:\/\/elmundodelapolitica.com\/v1\/wp-json\/wp\/v2\/types\/post"}],"author":[{"embeddable":true,"href":"https:\/\/elmundodelapolitica.com\/v1\/wp-json\/wp\/v2\/users\/2"}],"replies":[{"embeddable":true,"href":"https:\/\/elmundodelapolitica.com\/v1\/wp-json\/wp\/v2\/comments?post=2329"}],"version-history":[{"count":0,"href":"https:\/\/elmundodelapolitica.com\/v1\/wp-json\/wp\/v2\/posts\/2329\/revisions"}],"wp:featuredmedia":[{"embeddable":true,"href":"https:\/\/elmundodelapolitica.com\/v1\/wp-json\/wp\/v2\/media\/2330"}],"wp:attachment":[{"href":"https:\/\/elmundodelapolitica.com\/v1\/wp-json\/wp\/v2\/media?parent=2329"}],"wp:term":[{"taxonomy":"category","embeddable":true,"href":"https:\/\/elmundodelapolitica.com\/v1\/wp-json\/wp\/v2\/categories?post=2329"},{"taxonomy":"post_tag","embeddable":true,"href":"https:\/\/elmundodelapolitica.com\/v1\/wp-json\/wp\/v2\/tags?post=2329"}],"curies":[{"name":"wp","href":"https:\/\/api.w.org\/{rel}","templated":true}]}}