{"id":2320,"date":"2023-03-29T09:58:47","date_gmt":"2023-03-29T13:58:47","guid":{"rendered":"https:\/\/elmundodelapolitica.com\/v1\/?p=2320"},"modified":"2023-03-29T09:58:49","modified_gmt":"2023-03-29T13:58:49","slug":"ofrecera-refidomsa-a-fuerza-aerea-asistencia-tecnica-manejo-depositos-combustibles","status":"publish","type":"post","link":"https:\/\/elmundodelapolitica.com\/v1\/ofrecera-refidomsa-a-fuerza-aerea-asistencia-tecnica-manejo-depositos-combustibles\/","title":{"rendered":"Ofrecer\u00e1 Refidomsa a Fuerza A\u00e9rea asistencia t\u00e9cnica manejo dep\u00f3sitos combustibles"},"content":{"rendered":"\n<p>La Refiner\u00eda Dominicana de Petr\u00f3leo y la Fuerza A\u00e9rea de la Rep\u00fablica Dominicana (FARD) firmaron un convenio mediante el cual Refidomsa ofrecer\u00e1 asistencia t\u00e9cnica al cuerpo castrense en el \u00e1rea energ\u00e9tica.<\/p>\n\n\n\n<p>El acuerdo fue suscrito por el doctor Leonardo Aguilera, presidente de <a href=\"https:\/\/refidomsa.com\/2023\/03\/28\/refidomsa-ofrecera-a-la-fuerza-aerea-asistencia-tecnica-para-manejo-de-depositos-de-combustibles\/\" target=\"_blank\" rel=\"noreferrer noopener\">Refidomsa<\/a>, y el mayor general Carlos R. Febrillet Rodr\u00edguez, comandante general de la Fuerza A\u00e9rea.<\/p>\n\n\n\n<p>Por virtud del mismo, Refidomsa contribuir\u00e1 con la FARD en lo concerniente al mejoramiento de sus dep\u00f3sitos de combustibles, con lo cual la dotar\u00e1 de mayor seguridad y tecnolog\u00eda operativa.<\/p>\n\n\n\n<p>Aguilera explic\u00f3 que la refiner\u00eda, como empresa del Estado, est\u00e1 comprometida a apoyar proyectos que contribuyan a la seguridad y el desarrollo del pa\u00eds, por lo que se inicia esta relaci\u00f3n con la Fuerza A\u00e9rea.<\/p>\n\n\n\n<p>Por su lado, el general Febrillet agreg\u00f3 que con este entendimiento interinstitucional se da cumplimiento a la promesa del presidente de la Rep\u00fablica, Luis Abinader, en su plan de preparar las Fuerzas Armadas nacionales para que est\u00e9n a la altura de las necesidades del pa\u00eds.<\/p>\n\n\n\n<p>Junto al doctor Aguilera y al comandante del ej\u00e9rcito del aire estuvieron presentes Yamily L\u00f3pez, gerente general de <a href=\"https:\/\/refidomsa.com\/2023\/03\/28\/refidomsa-ofrecera-a-la-fuerza-aerea-asistencia-tecnica-para-manejo-de-depositos-de-combustibles\/\" target=\"_blank\" rel=\"noreferrer noopener\">Refidomsa<\/a>; el coronel Jos\u00e9 Gregorio Gabirondo, director de Log\u00edstica de la FARD; el coronel piloto As Henr\u00edquez, director de Relaciones P\u00fablicas, y el primer teniente Julio Jorge, asesor jur\u00eddico de la FARD.<\/p>\n","protected":false},"excerpt":{"rendered":"<p>La Refiner\u00eda Dominicana de Petr\u00f3leo y la Fuerza A\u00e9rea de la Rep\u00fablica Dominicana (FARD) firmaron un convenio mediante el cual Refidomsa ofrecer\u00e1 asistencia t\u00e9cnica al cuerpo castrense en el \u00e1rea&hellip; <\/p>\n","protected":false},"author":2,"featured_media":2321,"comment_status":"open","ping_status":"open","sticky":false,"template":"","format":"standard","meta":{"fifu_image_url":"","fifu_image_alt":"","footnotes":""},"categories":[22],"tags":[],"class_list":["post-2320","post","type-post","status-publish","format-standard","has-post-thumbnail","hentry","category-gerencia"],"_links":{"self":[{"href":"https:\/\/elmundodelapolitica.com\/v1\/wp-json\/wp\/v2\/posts\/2320","targetHints":{"allow":["GET"]}}],"collection":[{"href":"https:\/\/elmundodelapolitica.com\/v1\/wp-json\/wp\/v2\/posts"}],"about":[{"href":"https:\/\/elmundodelapolitica.com\/v1\/wp-json\/wp\/v2\/types\/post"}],"author":[{"embeddable":true,"href":"https:\/\/elmundodelapolitica.com\/v1\/wp-json\/wp\/v2\/users\/2"}],"replies":[{"embeddable":true,"href":"https:\/\/elmundodelapolitica.com\/v1\/wp-json\/wp\/v2\/comments?post=2320"}],"version-history":[{"count":1,"href":"https:\/\/elmundodelapolitica.com\/v1\/wp-json\/wp\/v2\/posts\/2320\/revisions"}],"predecessor-version":[{"id":2322,"href":"https:\/\/elmundodelapolitica.com\/v1\/wp-json\/wp\/v2\/posts\/2320\/revisions\/2322"}],"wp:featuredmedia":[{"embeddable":true,"href":"https:\/\/elmundodelapolitica.com\/v1\/wp-json\/wp\/v2\/media\/2321"}],"wp:attachment":[{"href":"https:\/\/elmundodelapolitica.com\/v1\/wp-json\/wp\/v2\/media?parent=2320"}],"wp:term":[{"taxonomy":"category","embeddable":true,"href":"https:\/\/elmundodelapolitica.com\/v1\/wp-json\/wp\/v2\/categories?post=2320"},{"taxonomy":"post_tag","embeddable":true,"href":"https:\/\/elmundodelapolitica.com\/v1\/wp-json\/wp\/v2\/tags?post=2320"}],"curies":[{"name":"wp","href":"https:\/\/api.w.org\/{rel}","templated":true}]}}