{"id":231,"date":"2022-04-12T13:49:13","date_gmt":"2022-04-12T17:49:13","guid":{"rendered":"http:\/\/www.elmundodelapolitica.com\/v2\/?p=25250"},"modified":"2022-04-12T13:49:13","modified_gmt":"2022-04-12T17:49:13","slug":"presidente-de-la-republica-y-ministra-del-ministerio-de-la-mujer-se-reunen-con-mujeres-de-santo-domingo-norte","status":"publish","type":"post","link":"https:\/\/elmundodelapolitica.com\/v1\/presidente-de-la-republica-y-ministra-del-ministerio-de-la-mujer-se-reunen-con-mujeres-de-santo-domingo-norte\/","title":{"rendered":"Presidente de la Rep\u00fablica y ministra del Ministerio de la Mujer se re\u00fanen con mujeres de Santo Domingo Norte"},"content":{"rendered":"\n<p><strong>Santo Domingo Norte. &#8211;<\/strong> El presidente de la Rep\u00fablica, Luis Abinader y la ministra del Ministerio de la Mujer, Mayra Jim\u00e9nez, realizaron un encuentro con mujeres de todos los sectores de Santo Domingo Norte, en el sal\u00f3n de actos del Cuerpo de Bomberos de este municipio.<\/p>\n\n\n\n<p>\u201cHoy queremos escuchar de ustedes propuestas y recomendaciones para dar soluciones a los problemas que de manera particular afectan a las mujeres de esta localidad. Como gobierno del cambio prometimos no fallarles y por eso estamos aqu\u00ed, por eso nuestro presidente est\u00e1 aqu\u00ed\u201d refiri\u00f3 la ministra Mayra Jim\u00e9nez en sus palabras de apertura.<\/p>\n\n\n\n<p>Jim\u00e9nez, expres\u00f3 que desde el gobierno del cambio, se apuesta a un Santo Domingo Norte donde las mujeres puedan estar seguras y libres de violencia en sus casas y en las calles; donde las mujeres puedan contar con un empleo digno y donde las mujeres puedan acceder a un cr\u00e9dito sin barreras, un municipio inclusivo donde las mujeres con discapacidad tengan accesibilidad, y un Santo Domingo Norte libre de matrimonio infantil y embarazo en adolescentes donde las mujeres puedan participar en igualdad de condiciones en la toma de decisiones de su comunidad.<\/p>\n\n\n\n<p>A seguidas intervinieron, para hablar de las necesidades y desaf\u00edos de la comunidad: Catalina Nicol\u00e1s Pascual, premio del BHD \/Mujeres que cambian el mundo, la directora del Centro de Atenci\u00f3n en Primaria en Salud de ACOPRO; Arelis Valdez, presidenta de la Asociaci\u00f3n de Damas Comunitarias; Ramona Ruiz, presidenta de la Fundaci\u00f3n FUMAREV; Flavia Mart\u00ednez, presidenta del Bloque de Juntas de Vecinos de San Felipe, Villa Mella; y Zoneyda de la Cruz, Gestora Cultural.<\/p>\n\n\n\n<p>En el encuentro el presidente de la Rep\u00fablica, Luis Abinader, anunci\u00f3 el inicio de diferentes obras que dan respuesta a las demandas de la ciudadan\u00eda de Santo Domingo Norte, que incluye el asfalto de las calles, la mejora en el suministro de agua potable y en los servicios de salud.<\/p>\n\n\n\n<p>Expres\u00f3 que ya el gobierno central dispuso de los recursos para iniciar la construcci\u00f3n del Palacio de Justicia del municipio, el cual permitir\u00e1 tener una fiscal\u00eda especializada en g\u00e9nero para atender las situaciones de violencia intrafamiliar y de g\u00e9nero.<\/p>\n\n\n\n<p>Asimismo, anunci\u00f3 la terminaci\u00f3n para el mes de septiembre del hospital general del municipio.<\/p>\n\n\n\n<p>De su lado, la Primera Dama de la Rep\u00fablica, Raquel Arbaje, manifest\u00f3 que se est\u00e1 trabajando para atender a los envejecientes, le solicit\u00f3 a la comunidad gestionar a trav\u00e9s del CONAPE pensiones solidarias para aquellos ancianos en situaciones vulnerables.<\/p>\n\n\n\n<p>En el evento estuvieron presentes Carlos Guzman, Alcalde Santo Domingo Norte,&nbsp; la viceministra de planificaci\u00f3n y desarrollo del Ministerio de la Mujer, Addys Then.<\/p>\n","protected":false},"excerpt":{"rendered":"<p>Santo Domingo Norte. &#8211; El presidente de la Rep\u00fablica, Luis Abinader y la ministra del Ministerio de la Mujer, Mayra Jim\u00e9nez, realizaron un encuentro con mujeres de todos los sectores&hellip; <\/p>\n","protected":false},"author":2,"featured_media":232,"comment_status":"closed","ping_status":"open","sticky":false,"template":"","format":"standard","meta":{"fifu_image_url":"","fifu_image_alt":"","footnotes":""},"categories":[17],"tags":[],"class_list":["post-231","post","type-post","status-publish","format-standard","has-post-thumbnail","hentry","category-politica"],"_links":{"self":[{"href":"https:\/\/elmundodelapolitica.com\/v1\/wp-json\/wp\/v2\/posts\/231","targetHints":{"allow":["GET"]}}],"collection":[{"href":"https:\/\/elmundodelapolitica.com\/v1\/wp-json\/wp\/v2\/posts"}],"about":[{"href":"https:\/\/elmundodelapolitica.com\/v1\/wp-json\/wp\/v2\/types\/post"}],"author":[{"embeddable":true,"href":"https:\/\/elmundodelapolitica.com\/v1\/wp-json\/wp\/v2\/users\/2"}],"replies":[{"embeddable":true,"href":"https:\/\/elmundodelapolitica.com\/v1\/wp-json\/wp\/v2\/comments?post=231"}],"version-history":[{"count":0,"href":"https:\/\/elmundodelapolitica.com\/v1\/wp-json\/wp\/v2\/posts\/231\/revisions"}],"wp:featuredmedia":[{"embeddable":true,"href":"https:\/\/elmundodelapolitica.com\/v1\/wp-json\/wp\/v2\/media\/232"}],"wp:attachment":[{"href":"https:\/\/elmundodelapolitica.com\/v1\/wp-json\/wp\/v2\/media?parent=231"}],"wp:term":[{"taxonomy":"category","embeddable":true,"href":"https:\/\/elmundodelapolitica.com\/v1\/wp-json\/wp\/v2\/categories?post=231"},{"taxonomy":"post_tag","embeddable":true,"href":"https:\/\/elmundodelapolitica.com\/v1\/wp-json\/wp\/v2\/tags?post=231"}],"curies":[{"name":"wp","href":"https:\/\/api.w.org\/{rel}","templated":true}]}}