{"id":2305,"date":"2023-03-28T19:41:13","date_gmt":"2023-03-28T23:41:13","guid":{"rendered":"https:\/\/elmundodelapolitica.com\/v1\/?p=2305"},"modified":"2023-03-28T19:41:13","modified_gmt":"2023-03-28T23:41:13","slug":"refidomsa-ofrecera-a-la-fuerza-aerea-asistencia-tecnica-para-manejo-de-depositos-de-combustibles","status":"publish","type":"post","link":"https:\/\/elmundodelapolitica.com\/v1\/refidomsa-ofrecera-a-la-fuerza-aerea-asistencia-tecnica-para-manejo-de-depositos-de-combustibles\/","title":{"rendered":"Refidomsa ofrecer\u00e1 a la Fuerza A\u00e9rea asistencia t\u00e9cnica para manejo de dep\u00f3sitos de combustibles"},"content":{"rendered":"<div>\n<p>La Refiner\u00eda Dominicana de Petr\u00f3leo y la Fuerza A\u00e9rea de la Rep\u00fablica Dominicana (FARD) firmaron un convenio mediante el cual Refidomsa ofrecer\u00e1 asistencia t\u00e9cnica al cuerpo castrense en el \u00e1rea energ\u00e9tica.<\/p>\n<p>El acuerdo fue suscrito por el doctor Leonardo Aguilera, presidente de Refidomsa, y el mayor general Carlos R. Febrillet Rodr\u00edguez, comandante general de la Fuerza A\u00e9rea.<\/p>\n<div class=\"wp-block-image\">\n<figure class=\"aligncenter size-full\"><img data-attachment-id=\"26944\" data-permalink=\"https:\/\/elmundodelosnegocios.com.do\/v1\/index.php\/2023\/03\/28\/refidomsa-ofrecera-a-la-fuerza-aerea-asistencia-tecnica-para-manejo-de-depositos-de-combustibles\/leonardo-aguilera-y-mayor-general-carlos-r-febrillet-rodriguez\/\" data-orig-file=\"https:\/\/i0.wp.com\/elmundodelosnegocios.com.do\/v1\/wp-content\/uploads\/2023\/03\/Leonardo-Aguilera-y-mayor-general-Carlos-R.-Febrillet-Rodriguez.jpg?fit=1000%2C667&amp;ssl=1\" data-orig-size=\"1000,667\" data-comments-opened=\"0\" data-image-meta='{\"aperture\":\"4\",\"credit\":\"\",\"camera\":\"Canon EOS 90D\",\"caption\":\"\",\"created_timestamp\":\"1679934117\",\"copyright\":\"\",\"focal_length\":\"24\",\"iso\":\"400\",\"shutter_speed\":\"0.0125\",\"title\":\"\",\"orientation\":\"1\"}' data-image-title=\"Leonardo-Aguilera-y-mayor-general-Carlos-R.-Febrillet-Rodriguez\" data-image-description=\"&lt;p&gt;Leonardo Aguilera y mayor general Carlos R. Febrillet Rodr\u00edguez&lt;\/p&gt;\n\" data-image-caption=\"&lt;p&gt;Leonardo Aguilera y mayor general Carlos R. Febrillet Rodr\u00edguez&lt;\/p&gt;\n\" data-medium-file=\"https:\/\/i0.wp.com\/elmundodelosnegocios.com.do\/v1\/wp-content\/uploads\/2023\/03\/Leonardo-Aguilera-y-mayor-general-Carlos-R.-Febrillet-Rodriguez.jpg?fit=300%2C200&amp;ssl=1\" data-large-file=\"https:\/\/i0.wp.com\/elmundodelosnegocios.com.do\/v1\/wp-content\/uploads\/2023\/03\/Leonardo-Aguilera-y-mayor-general-Carlos-R.-Febrillet-Rodriguez.jpg?fit=1000%2C667&amp;ssl=1\" decoding=\"async\" loading=\"lazy\" width=\"1000\" height=\"667\" src=\"https:\/\/i0.wp.com\/elmundodelosnegocios.com.do\/v1\/wp-content\/uploads\/2023\/03\/Leonardo-Aguilera-y-mayor-general-Carlos-R.-Febrillet-Rodriguez.jpg?resize=1000,667&amp;ssl=1\" alt=\"\" class=\"wp-image-26944\" srcset=\"https:\/\/i0.wp.com\/elmundodelosnegocios.com.do\/v1\/wp-content\/uploads\/2023\/03\/Leonardo-Aguilera-y-mayor-general-Carlos-R.-Febrillet-Rodriguez.jpg?w=1000&amp;ssl=1 1000w, https:\/\/i0.wp.com\/elmundodelosnegocios.com.do\/v1\/wp-content\/uploads\/2023\/03\/Leonardo-Aguilera-y-mayor-general-Carlos-R.-Febrillet-Rodriguez.jpg?resize=300%2C200&amp;ssl=1 300w, https:\/\/i0.wp.com\/elmundodelosnegocios.com.do\/v1\/wp-content\/uploads\/2023\/03\/Leonardo-Aguilera-y-mayor-general-Carlos-R.-Febrillet-Rodriguez.jpg?resize=768%2C512&amp;ssl=1 768w\" sizes=\"auto, (max-width: 1000px) 100vw, 1000px\" data-recalc-dims=\"1\"><figcaption class=\"wp-element-caption\">Leonardo Aguilera y mayor general Carlos R. Febrillet Rodr\u00edguez<\/figcaption><\/figure>\n<\/div>\n<p>Por virtud del mismo, Refidomsa contribuir\u00e1 con la FARD en lo concerniente al mejoramiento de sus dep\u00f3sitos de combustibles, con lo cual la dotar\u00e1 de mayor seguridad y tecnolog\u00eda operativa.<\/p>\n<figure class=\"wp-block-image size-full\"><img data-attachment-id=\"26945\" data-permalink=\"https:\/\/elmundodelosnegocios.com.do\/v1\/index.php\/2023\/03\/28\/refidomsa-ofrecera-a-la-fuerza-aerea-asistencia-tecnica-para-manejo-de-depositos-de-combustibles\/yamily-lopez-leonardo-aguilera-mayor-general-carlos-r-febrillet-rodriguez-y-el-1er-teniente-julio-jorge\/\" data-orig-file=\"https:\/\/i0.wp.com\/elmundodelosnegocios.com.do\/v1\/wp-content\/uploads\/2023\/03\/Yamily-Lopez-Leonardo-Aguilera-mayor-general-Carlos-R.-Febrillet-Rodriguez-y-el-1er-teniente-Julio-Jorge.jpg?fit=1000%2C667&amp;ssl=1\" data-orig-size=\"1000,667\" data-comments-opened=\"0\" data-image-meta='{\"aperture\":\"0\",\"credit\":\"\",\"camera\":\"\",\"caption\":\"\",\"created_timestamp\":\"0\",\"copyright\":\"\",\"focal_length\":\"0\",\"iso\":\"0\",\"shutter_speed\":\"0\",\"title\":\"\",\"orientation\":\"0\"}' data-image-title=\"Yamily L\u00f3pez, Leonardo Aguilera, mayor general Carlos R. Febrillet Rodr\u00edguez y el 1er teniente Julio Jorge\" data-image-description=\"&lt;p&gt;Yamily L\u00f3pez, Leonardo Aguilera, mayor general Carlos R. Febrillet Rodr\u00edguez y el 1er teniente Julio Jorge&lt;\/p&gt;\n\" data-image-caption=\"&lt;p&gt;Yamily L\u00f3pez, Leonardo Aguilera, mayor general Carlos R. Febrillet Rodr\u00edguez y el 1er teniente Julio Jorge&lt;\/p&gt;\n\" data-medium-file=\"https:\/\/i0.wp.com\/elmundodelosnegocios.com.do\/v1\/wp-content\/uploads\/2023\/03\/Yamily-Lopez-Leonardo-Aguilera-mayor-general-Carlos-R.-Febrillet-Rodriguez-y-el-1er-teniente-Julio-Jorge.jpg?fit=300%2C200&amp;ssl=1\" data-large-file=\"https:\/\/i0.wp.com\/elmundodelosnegocios.com.do\/v1\/wp-content\/uploads\/2023\/03\/Yamily-Lopez-Leonardo-Aguilera-mayor-general-Carlos-R.-Febrillet-Rodriguez-y-el-1er-teniente-Julio-Jorge.jpg?fit=1000%2C667&amp;ssl=1\" decoding=\"async\" loading=\"lazy\" width=\"1000\" height=\"667\" src=\"https:\/\/i0.wp.com\/elmundodelosnegocios.com.do\/v1\/wp-content\/uploads\/2023\/03\/Yamily-Lopez-Leonardo-Aguilera-mayor-general-Carlos-R.-Febrillet-Rodriguez-y-el-1er-teniente-Julio-Jorge.jpg?resize=1000,667\" alt=\"Yamily L\u00f3pez, Leonardo Aguilera, mayor general Carlos R. Febrillet Rodr\u00edguez y el 1er teniente Julio Jorge\" class=\"wp-image-26945\" srcset=\"https:\/\/i0.wp.com\/elmundodelosnegocios.com.do\/v1\/wp-content\/uploads\/2023\/03\/Yamily-Lopez-Leonardo-Aguilera-mayor-general-Carlos-R.-Febrillet-Rodriguez-y-el-1er-teniente-Julio-Jorge.jpg?w=1000&amp;ssl=1 1000w, https:\/\/i0.wp.com\/elmundodelosnegocios.com.do\/v1\/wp-content\/uploads\/2023\/03\/Yamily-Lopez-Leonardo-Aguilera-mayor-general-Carlos-R.-Febrillet-Rodriguez-y-el-1er-teniente-Julio-Jorge.jpg?resize=300%2C200&amp;ssl=1 300w, https:\/\/i0.wp.com\/elmundodelosnegocios.com.do\/v1\/wp-content\/uploads\/2023\/03\/Yamily-Lopez-Leonardo-Aguilera-mayor-general-Carlos-R.-Febrillet-Rodriguez-y-el-1er-teniente-Julio-Jorge.jpg?resize=768%2C512&amp;ssl=1 768w\" sizes=\"auto, (max-width: 1000px) 100vw, 1000px\" data-recalc-dims=\"1\"><figcaption class=\"wp-element-caption\">Yamily L\u00f3pez, Leonardo Aguilera, mayor general Carlos R. Febrillet Rodr\u00edguez y el 1er teniente Julio Jorge<\/figcaption><\/figure>\n<p>Aguilera explic\u00f3 que la refiner\u00eda, como empresa del Estado, est\u00e1 comprometida a apoyar proyectos que contribuyan a la seguridad y el desarrollo del pa\u00eds, por lo que se inicia esta relaci\u00f3n con la Fuerza A\u00e9rea.<\/p>\n<p>Por su lado, el general Febrillet agreg\u00f3 que con este entendimiento interinstitucional se da cumplimiento a la promesa del presidente de la Rep\u00fablica, Luis Abinader, en su plan de preparar las Fuerzas Armadas nacionales para que est\u00e9n a la altura de las necesidades del pa\u00eds.<\/p>\n<p>Junto al doctor Aguilera y al comandante del ej\u00e9rcito del aire estuvieron presentes Yamily L\u00f3pez, gerente general de Refidomsa; el coronel Jos\u00e9 Gregorio Gabirondo, director de Log\u00edstica de la FARD; el coronel piloto As Henr\u00edquez, director de Relaciones P\u00fablicas, y el primer teniente Julio Jorge, asesor jur\u00eddico de la FARD.<\/p>\n<\/div>\n","protected":false},"excerpt":{"rendered":"<p>La Refiner\u00eda Dominicana de Petr\u00f3leo y la Fuerza A\u00e9rea de la Rep\u00fablica Dominicana (FARD) firmaron un convenio mediante el cual Refidomsa ofrecer\u00e1 asistencia t\u00e9cnica al cuerpo castrense en el \u00e1rea&hellip; <\/p>\n","protected":false},"author":2,"featured_media":2306,"comment_status":"closed","ping_status":"closed","sticky":false,"template":"","format":"standard","meta":{"fifu_image_url":"https:\/\/i0.wp.com\/elmundodelosnegocios.com.do\/v1\/wp-content\/uploads\/2023\/03\/Leonardo-Aguilera-y-mayor-general-Carlos-R.-Febrillet-Rodriguez.jpg?resize=1000,667&ssl=1","fifu_image_alt":"Refidomsa ofrecer\u00e1 a la Fuerza A\u00e9rea asistencia t\u00e9cnica para manejo de dep\u00f3sitos de combustibles","footnotes":""},"categories":[63],"tags":[],"class_list":["post-2305","post","type-post","status-publish","format-standard","has-post-thumbnail","hentry","category-actualidad"],"_links":{"self":[{"href":"https:\/\/elmundodelapolitica.com\/v1\/wp-json\/wp\/v2\/posts\/2305","targetHints":{"allow":["GET"]}}],"collection":[{"href":"https:\/\/elmundodelapolitica.com\/v1\/wp-json\/wp\/v2\/posts"}],"about":[{"href":"https:\/\/elmundodelapolitica.com\/v1\/wp-json\/wp\/v2\/types\/post"}],"author":[{"embeddable":true,"href":"https:\/\/elmundodelapolitica.com\/v1\/wp-json\/wp\/v2\/users\/2"}],"replies":[{"embeddable":true,"href":"https:\/\/elmundodelapolitica.com\/v1\/wp-json\/wp\/v2\/comments?post=2305"}],"version-history":[{"count":0,"href":"https:\/\/elmundodelapolitica.com\/v1\/wp-json\/wp\/v2\/posts\/2305\/revisions"}],"wp:featuredmedia":[{"embeddable":true,"href":"https:\/\/elmundodelapolitica.com\/v1\/wp-json\/wp\/v2\/media\/2306"}],"wp:attachment":[{"href":"https:\/\/elmundodelapolitica.com\/v1\/wp-json\/wp\/v2\/media?parent=2305"}],"wp:term":[{"taxonomy":"category","embeddable":true,"href":"https:\/\/elmundodelapolitica.com\/v1\/wp-json\/wp\/v2\/categories?post=2305"},{"taxonomy":"post_tag","embeddable":true,"href":"https:\/\/elmundodelapolitica.com\/v1\/wp-json\/wp\/v2\/tags?post=2305"}],"curies":[{"name":"wp","href":"https:\/\/api.w.org\/{rel}","templated":true}]}}