{"id":2273,"date":"2023-03-27T09:59:52","date_gmt":"2023-03-27T13:59:52","guid":{"rendered":"https:\/\/elmundodelapolitica.com\/v1\/?p=2273"},"modified":"2023-03-27T09:59:54","modified_gmt":"2023-03-27T13:59:54","slug":"acusan-al-presidente-abinader-de-desatar-caceria-contra-el-pld","status":"publish","type":"post","link":"https:\/\/elmundodelapolitica.com\/v1\/acusan-al-presidente-abinader-de-desatar-caceria-contra-el-pld\/","title":{"rendered":"Acusan al Presidente Abinader de desatar \"cacer\u00eda\" contra el PLD"},"content":{"rendered":"\n<p>BARAHONA: La noche des este s\u00e1bado dirigentes del Partido de la Liberaci\u00f3n Dominicana (PLD), se concentraron en el parque Francisco Alberto Caama\u00f1o De\u00f1\u00f3, ubicado en las viejas instalaciones de la UASD Recinto Barahona, en el malec\u00f3n de aqu\u00ed en un encendido de velas para exigir que pongan en libertad a sus compa\u00f1eros presos que imputa la Procuradur\u00eda General de Rep\u00fablica de sustraerle al Estado dominicana m\u00e1s de 19,000 millones de pesos, detenido mediante la operaci\u00f3n Calamar.<\/p>\n\n\n\n<p>A ritmo de m\u00fasica de que \"se van\", \"no saben gobernar\", y de aplausos a sus compa\u00f1eros de partido detenidos, la dirigencia local del partido oficial, afirman que lo que tiene el Ministerio P\u00fablico contra el PLD es una \"cacer\u00eda\", ya que se trata de una justicia que solo tiene un la \"cara vendada de un lado\", justo el que mira a la entidad opositora.<\/p>\n\n\n\n<p>En ese sentido, Carlos Garc\u00eda, excandidato a diputado por el PLD en Barahona, el exgobernador Carlos Flori\u00e1n y Santos Alc\u00e1ntara (Santo Sil\u00e1), al ofrecer unas breves palabras, dijeron que quien dirige la \"cacer\u00eda\" contra su partido es el propio presidente de la Rep\u00fablica Luis Abinader.<\/p>\n\n\n\n<p>Garc\u00eda, Alc\u00e1ntara y Flori\u00e1n, advierten que no se quedar\u00e1n de \"brazos cruzados\" ante la embestida del partido de gobierno contra el PLD, tras advertir que no saldr\u00e1n de las calles hasta tanto cese la persecuci\u00f3n pol\u00edtica que desat\u00f3 el oficialismo contra ellos.<\/p>\n\n\n\n<p>Acusa, adem\u00e1s, al actual presidente de ordenar que repriman a sus dirigentes que en todo el pa\u00eds protestan contra las detenciones arbitrarias de exfuncionarios, acciones que, seg\u00fan los citados dirigentes pelede\u00edsta solo se compara con los gobiernos de los 12 a\u00f1os de Balaguer y la dictadura trujillista.<\/p>\n","protected":false},"excerpt":{"rendered":"<p>BARAHONA: La noche des este s\u00e1bado dirigentes del Partido de la Liberaci\u00f3n Dominicana (PLD), se concentraron en el parque Francisco Alberto Caama\u00f1o De\u00f1\u00f3, ubicado en las viejas instalaciones de la&hellip; <\/p>\n","protected":false},"author":2,"featured_media":2274,"comment_status":"closed","ping_status":"closed","sticky":false,"template":"","format":"standard","meta":{"fifu_image_url":"","fifu_image_alt":"","footnotes":""},"categories":[63],"tags":[],"class_list":["post-2273","post","type-post","status-publish","format-standard","has-post-thumbnail","hentry","category-actualidad"],"_links":{"self":[{"href":"https:\/\/elmundodelapolitica.com\/v1\/wp-json\/wp\/v2\/posts\/2273","targetHints":{"allow":["GET"]}}],"collection":[{"href":"https:\/\/elmundodelapolitica.com\/v1\/wp-json\/wp\/v2\/posts"}],"about":[{"href":"https:\/\/elmundodelapolitica.com\/v1\/wp-json\/wp\/v2\/types\/post"}],"author":[{"embeddable":true,"href":"https:\/\/elmundodelapolitica.com\/v1\/wp-json\/wp\/v2\/users\/2"}],"replies":[{"embeddable":true,"href":"https:\/\/elmundodelapolitica.com\/v1\/wp-json\/wp\/v2\/comments?post=2273"}],"version-history":[{"count":1,"href":"https:\/\/elmundodelapolitica.com\/v1\/wp-json\/wp\/v2\/posts\/2273\/revisions"}],"predecessor-version":[{"id":2275,"href":"https:\/\/elmundodelapolitica.com\/v1\/wp-json\/wp\/v2\/posts\/2273\/revisions\/2275"}],"wp:featuredmedia":[{"embeddable":true,"href":"https:\/\/elmundodelapolitica.com\/v1\/wp-json\/wp\/v2\/media\/2274"}],"wp:attachment":[{"href":"https:\/\/elmundodelapolitica.com\/v1\/wp-json\/wp\/v2\/media?parent=2273"}],"wp:term":[{"taxonomy":"category","embeddable":true,"href":"https:\/\/elmundodelapolitica.com\/v1\/wp-json\/wp\/v2\/categories?post=2273"},{"taxonomy":"post_tag","embeddable":true,"href":"https:\/\/elmundodelapolitica.com\/v1\/wp-json\/wp\/v2\/tags?post=2273"}],"curies":[{"name":"wp","href":"https:\/\/api.w.org\/{rel}","templated":true}]}}