{"id":2266,"date":"2023-03-26T21:03:37","date_gmt":"2023-03-27T01:03:37","guid":{"rendered":"https:\/\/elmundodelapolitica.com\/v1\/?p=2266"},"modified":"2023-03-26T21:03:39","modified_gmt":"2023-03-27T01:03:39","slug":"culmina-xxviii-cumbre-iberoamericana-en-r-d-con-agenda-centrada-en-acuerdos-digitales-medioambiente-y-seguridad-alimentaria","status":"publish","type":"post","link":"https:\/\/elmundodelapolitica.com\/v1\/culmina-xxviii-cumbre-iberoamericana-en-r-d-con-agenda-centrada-en-acuerdos-digitales-medioambiente-y-seguridad-alimentaria\/","title":{"rendered":"Culmina XXVIII Cumbre Iberoamericana en R.D. con agenda centrada en acuerdos digitales, medioambiente y seguridad alimentaria"},"content":{"rendered":"\n<ul class=\"wp-block-list\">\n<li><em>La<\/em>&nbsp;XXVIII Cumbre Iberoamericana de Jefas y Jefes de Estado y de Gobierno&nbsp;<em>aprob\u00f3 tres instrumentos clave para abordar desaf\u00edos comunes en el \u00e1mbito medioambiental, de seguridad alimentaria y derechos en entornos digitales, as\u00ed como 16&nbsp;<\/em>comunicados especiales entre los que se destaca una propuesta para una financiaci\u00f3n internacional m\u00e1s justa de los pa\u00edses en desarrollo.<\/li>\n<\/ul>\n\n\n\n<ul class=\"wp-block-list\">\n<li><em>La XXIX Cumbre Iberoamericana se realizar\u00e1 en 2024 en Ecuador con el lema \u201cInnovaci\u00f3n, inclusi\u00f3n y sostenibilidad\u201d.<\/em><\/li>\n<\/ul>\n\n\n\n<p><strong>Santo Domingo de Guzm\u00e1n, 26 de marzo de 2023.-\u00a0<\/strong>Con una declaraci\u00f3n al m\u00e1s alto nivel pol\u00edtico centrada en afianzar la Comunidad Iberoamericana, culmin\u00f3 la XXVIII Cumbre Iberoamericana de Jefas y Jefes de Estado y de Gobierno, celebrada en Rep\u00fablica Dominicana bajo el lema\u00a0<em>\u201cJuntos por una Iberoam\u00e9rica justa y sostenible\u201d.<\/em><\/p>\n\n\n\n<p>Durante el encuentro, se aprob\u00f3 la Declaraci\u00f3n de Santo Domingo, el Programa de Acci\u00f3n de la XXVIII Cumbre Iberoamericana y el III Plan de Acci\u00f3n Cuatrienal de la Cooperaci\u00f3n Iberoamericana (PACCI) para el per\u00edodo 2023-2026, as\u00ed como 16 comunicados especiales con propuestas en el \u00e1mbito econ\u00f3mico, social, de energ\u00edas sostenibles o para la recuperaci\u00f3n del sector tur\u00edstico, entre otros temas.<\/p>\n\n\n\n<p>Asimismo, la Cumbre de Santo Domingo deja como legado la aprobaci\u00f3n al m\u00e1s alto nivel pol\u00edtico de cuatro instrumentos clave para el futuro de la regi\u00f3n<strong>:<\/strong><\/p>\n\n\n\n<ul class=\"wp-block-list\">\n<li><strong>\u201cLa Carta Medioambiental Iberoamericana\u201d<\/strong><\/li>\n\n\n\n<li><strong>\u201cLa Ruta Cr\u00edtica para alcanzar una Seguridad Alimentaria Incluyente y Sostenible en Iberoam\u00e9rica\u201d<\/strong><\/li>\n\n\n\n<li><strong>\u201cLa Carta Iberoamericana de Principios y Derechos en Entornos Digitales\u201d<\/strong><\/li>\n\n\n\n<li><strong>Comunicado Especial sobre Arquitectura Financiera<\/strong><\/li>\n<\/ul>\n\n\n\n<p>Las jefas y jefes de Estado afirmaron que Iberoam\u00e9rica requiere avanzar en una recuperaci\u00f3n post-COVID que lleve a reducir desigualdades y a la vez alinee los compromisos de la regi\u00f3n con la agenda global de desarrollo. Los instrumentos aprobados en la XXVIII Cumbre Iberoamericana\u2014y que se explican a continuaci\u00f3n tienen una importancia clave en este camino, ya que como bien reconoce la Declaraci\u00f3n de Santo Domingo son \u201c<em>desaf\u00edos que no pueden ser abordados de manera aislada<\/em>\u201d.<\/p>\n\n\n\n<p>En lo que respecta al reto ambiental, bajo la premisa de responsabilidades comunes, pero diferenciadas, la \u201c<strong>Carta Medioambiental Iberoamericana\u201d<\/strong>&nbsp;constituye un referente com\u00fan para enfrentar desaf\u00edos ambientales globales que impactan con especial dureza sobre Iberoam\u00e9rica como el cambio clim\u00e1tico, la p\u00e9rdida de biodiversidad, la contaminaci\u00f3n, la degradaci\u00f3n de los suelos, la escasez de recursos h\u00eddricos, entre otros.<\/p>\n\n\n\n<p>De igual forma, la&nbsp;<strong>\u201cRuta Cr\u00edtica para alcanzar una Seguridad Alimentaria Incluyente y Sostenible en Iberoam\u00e9rica\u201d&nbsp;<\/strong>propone acciones para enfrentar el gran impacto de las crisis actuales sobre los sistemas agroalimentarios para evitar que se intensifique el hambre en la regi\u00f3n y garantizar el derecho a una alimentaci\u00f3n adecuada para todas las personas.<\/p>\n\n\n\n<p>Seg\u00fan la Declaraci\u00f3n de Santo Domingo, esta estrategia&nbsp;<em>\u201ccoadyuvar\u00e1 a&nbsp;<strong>trabajar de forma conjunta en la seguridad alimentaria regional<\/strong>\u201d,<\/em>&nbsp;fortaleciendo el comercio abierto, libre y no discriminatorio, desarrollando cadenas agroalimentarias de suministro incluyentes y resilientes y consolidando la agricultura familiar, entre otras medidas.<\/p>\n\n\n\n<p>En el \u00e1mbito de la transformaci\u00f3n digital, la&nbsp;<strong>Carta Iberoamericana de Principios y Derechos en Entornos Digitales\u201d&nbsp;<\/strong>tambi\u00e9n aprobada por los Jefes(as) de Estado, se convierte en un referente para guiar la actualizaci\u00f3n de las normativas nacionales para que&nbsp;<em>\u201cla construcci\u00f3n de la sociedad de la informaci\u00f3n est\u00e9 centrada en las personas\u201d<\/em>&nbsp;y se protejan los derechos humanos en el entorno digital.<\/p>\n\n\n\n<p>Asimismo, para que el avance tecnol\u00f3gico actual ampl\u00ede el acceso a los derechos, los pa\u00edses iberoamericanos acuerdan reducir las desigualdades y cerrar la brecha digital, impulsar el acceso conectividad asequible y de calidad, fomentar entornos digitales seguros que garanticen la privacidad, desarrollar acciones para combatir la desinformaci\u00f3n y promover la libre elecci\u00f3n de servicios y contenidos digitales, entre otras medidas.<\/p>\n\n\n\n<p>La Declaraci\u00f3n de Santo Domingo tambi\u00e9n aprueba al m\u00e1s alto nivel pol\u00edtico del&nbsp;<strong>III Plan de Acci\u00f3n Cuatrienal de la Cooperaci\u00f3n Iberoamericana (PACCI) 2023-2026<\/strong>, que fortalece la acci\u00f3n de la cooperaci\u00f3n regional con nuevas \u00e1reas para acelerar el cumplimiento de la Agenda 2030 de Desarrollo Sostenible, a solo siete a\u00f1os de cumplir su plazo de implementaci\u00f3n.<\/p>\n\n\n\n<p>En este sentido, las jefas y jefes de Estado destacaron el potencial estrat\u00e9gico de la cooperaci\u00f3n iberoamericana para&nbsp;<strong>promover las relaciones con otras regiones y crear sinergias<\/strong>&nbsp;con m\u00e1s actores de la cooperaci\u00f3n internacional.<\/p>\n\n\n\n<p>De igual forma, la Declaraci\u00f3n de Santo Domingo subraya&nbsp;<strong>el compromiso de transversalizaci\u00f3n de la igualdad y la equidad de g\u00e9nero<\/strong>&nbsp;en toda la acci\u00f3n de la Comunidad Iberoamericana, as\u00ed como la inclusi\u00f3n de la perspectiva de g\u00e9nero en todos los acuerdos alcanzados en la presente Cumbre.<\/p>\n\n\n\n<p>El presidente dominicano, Luis Abinader, acompa\u00f1ado del canciller Roberto \u00c1lvarez, llam\u00f3 en este c\u00f3nclave a las jefas y jefes de Estado y de Gobierno, a aprovechar la oportunidad de estar juntos para reforzar las coincidencias, que, a su juicio, siempre ser\u00e1n m\u00e1s que los desacuerdos.<\/p>\n\n\n\n<p>Record\u00f3 que para llevar esto a cabo es necesario la uni\u00f3n, \u201csi no nos unimos habremos perdido la oportunidad de obtener alg\u00fan beneficio concreto para nuestros pa\u00edses. Hagamos patria grande, labremos nuestra tierra y trabajemos juntos por nuestra gente\u201d.<\/p>\n\n\n\n<p>Agreg\u00f3 adem\u00e1s que, \u201cy si me lo permiten, quiero llamar su atenci\u00f3n sobre el hecho de que, muchas veces, al estar juntos en espacios multilaterales, nos mueve a creer que es la ocasi\u00f3n para enrostrar al otro las posturas que no coinciden con las propias. Sin embargo, desde nuestro punto de vista, es lo contrario\u201d, dijo el mandatario.<\/p>\n\n\n\n<p>De su lado, el secretario general Iberoamericano, Andr\u00e9s Allamand, afirm\u00f3 que el objetivo estrat\u00e9gico de su gesti\u00f3n ser\u00e1&nbsp;<strong>\u201cAfianzar la Comunidad Iberoamericana\u201d<\/strong>&nbsp;lo que en sus palabras,&nbsp;<em>\u201cimplica mantener Iberoam\u00e9rica como espacio privilegiado para el di\u00e1logo, la articulaci\u00f3n pol\u00edtica, el consenso y la cooperaci\u00f3n\u201d.<\/em><\/p>\n\n\n\n<p>Para consolidar esta Comunidad de pa\u00edses, Allamand destac\u00f3 tres pilares fundamentales: 1) la generaci\u00f3n de derechos, 2) la creaci\u00f3n de oportunidades y 3) la incorporaci\u00f3n de nuevos actores.<\/p>\n\n\n\n<p>Al t\u00e9rmino de la XXVIII Cumbre Iberoamericana,&nbsp;<strong>se realiz\u00f3 el traspaso de la Secretar\u00eda Pro-T\u00e9mpore de la Conferencia Iberoamericana a Ecuador<\/strong>, que acoger\u00e1 en 2024 la XXIX Cumbre Iberoamericana de Jefes (as) de Estado y de Gobierno con la misi\u00f3n de abordar los desaf\u00edos de la \u201cInnovaci\u00f3n, inclusi\u00f3n y sostenibilidad\u201d.<\/p>\n","protected":false},"excerpt":{"rendered":"<p>Santo Domingo de Guzm\u00e1n, 26 de marzo de 2023.-\u00a0Con una declaraci\u00f3n al m\u00e1s alto nivel pol\u00edtico centrada en afianzar la Comunidad Iberoamericana, culmin\u00f3 la XXVIII Cumbre Iberoamericana de Jefas y&hellip; <\/p>\n","protected":false},"author":2,"featured_media":2269,"comment_status":"closed","ping_status":"closed","sticky":false,"template":"","format":"standard","meta":{"fifu_image_url":"","fifu_image_alt":"","footnotes":""},"categories":[54],"tags":[],"class_list":["post-2266","post","type-post","status-publish","format-standard","has-post-thumbnail","hentry","category-politica_exterior"],"_links":{"self":[{"href":"https:\/\/elmundodelapolitica.com\/v1\/wp-json\/wp\/v2\/posts\/2266","targetHints":{"allow":["GET"]}}],"collection":[{"href":"https:\/\/elmundodelapolitica.com\/v1\/wp-json\/wp\/v2\/posts"}],"about":[{"href":"https:\/\/elmundodelapolitica.com\/v1\/wp-json\/wp\/v2\/types\/post"}],"author":[{"embeddable":true,"href":"https:\/\/elmundodelapolitica.com\/v1\/wp-json\/wp\/v2\/users\/2"}],"replies":[{"embeddable":true,"href":"https:\/\/elmundodelapolitica.com\/v1\/wp-json\/wp\/v2\/comments?post=2266"}],"version-history":[{"count":1,"href":"https:\/\/elmundodelapolitica.com\/v1\/wp-json\/wp\/v2\/posts\/2266\/revisions"}],"predecessor-version":[{"id":2270,"href":"https:\/\/elmundodelapolitica.com\/v1\/wp-json\/wp\/v2\/posts\/2266\/revisions\/2270"}],"wp:featuredmedia":[{"embeddable":true,"href":"https:\/\/elmundodelapolitica.com\/v1\/wp-json\/wp\/v2\/media\/2269"}],"wp:attachment":[{"href":"https:\/\/elmundodelapolitica.com\/v1\/wp-json\/wp\/v2\/media?parent=2266"}],"wp:term":[{"taxonomy":"category","embeddable":true,"href":"https:\/\/elmundodelapolitica.com\/v1\/wp-json\/wp\/v2\/categories?post=2266"},{"taxonomy":"post_tag","embeddable":true,"href":"https:\/\/elmundodelapolitica.com\/v1\/wp-json\/wp\/v2\/tags?post=2266"}],"curies":[{"name":"wp","href":"https:\/\/api.w.org\/{rel}","templated":true}]}}