{"id":2243,"date":"2023-03-23T19:26:36","date_gmt":"2023-03-23T23:26:36","guid":{"rendered":"https:\/\/elmundodelapolitica.com\/v1\/?p=2243"},"modified":"2023-03-23T19:26:38","modified_gmt":"2023-03-23T23:26:38","slug":"gobierno-de-republica-dominicana-y-la-fao-firman-el-marco-de-programacion-de-pais-2023-2027","status":"publish","type":"post","link":"https:\/\/elmundodelapolitica.com\/v1\/gobierno-de-republica-dominicana-y-la-fao-firman-el-marco-de-programacion-de-pais-2023-2027\/","title":{"rendered":"Gobierno de Rep\u00fablica Dominicana y la FAO firman el Marco de Programaci\u00f3n de Pa\u00eds 2023-2027"},"content":{"rendered":"\n<p>Santo Domingo.-&nbsp;<strong>El Gobierno de la Rep\u00fablica Dominicana<\/strong>&nbsp;y la Organizaci\u00f3n de las Naciones Unidas para la Alimentaci\u00f3n y la Agricultura&nbsp;<strong>(FAO)<\/strong>&nbsp;firmaron el&nbsp;<strong>nuevo Marco de Programaci\u00f3n de Pa\u00eds (MPP)<\/strong>, en el que se definen las acciones conjuntas que se ejecutar\u00e1n en el&nbsp;<strong>periodo 2023-2027<\/strong>.<\/p>\n\n\n\n<p>El acuerdo fue firmado por el Ministro de Econom\u00eda, Planificaci\u00f3n y Desarrollo,&nbsp;<strong>P\u00e1vel Isa Contreras<\/strong>, y el de Agricultura,&nbsp;<strong>Limber Cruz<\/strong>;&nbsp; por Medio Ambiente y Recursos Naturales, la viceministra de Gesti\u00f3n Ambiental,&nbsp;<strong>Indhira de Jes\u00fas<\/strong>, y el subdirector general y representante regional para Am\u00e9rica Latina y el Caribe de la FAO,&nbsp;&nbsp;<strong>Mario Lubetkin<\/strong>.<\/p>\n\n\n\n<p>El acto de firma fue realizado en la sede del Ministerio de Econom\u00eda, Planificaci\u00f3n y Desarrollo<strong>, en presencia de autoridades del pa\u00eds y de la FAO.<\/strong><\/p>\n\n\n\n<p>El marco de programaci\u00f3n del acuerdo tendr\u00e1 una efectividad de cinco a\u00f1os y prev\u00e9 un marco estrat\u00e9gico con el pa\u00eds que requerir\u00e1 una&nbsp;<strong>movilizaci\u00f3n de alrededor de USD 120 millones<\/strong>&nbsp;distribuidos en tres \u00e1reas prioritarias:&nbsp;<strong>Sistemas agroalimentarios sostenibles,&nbsp; Sociedades rurales pr\u00f3speras e inclusivas y&nbsp; Agricultura sostenible y resiliente<\/strong>,&nbsp; a fin de contribuir al desarrollo y la mejora de las condiciones de vida de la poblaci\u00f3n dominicana y para que el pa\u00eds pueda alcanzar las metas que se ha planteado en el marco de los&nbsp;<strong>Objetivos de Desarrollo Sostenible (ODS).<\/strong><\/p>\n\n\n\n<p>Al respecto, el Ministro de Econom\u00eda, Planificaci\u00f3n y Desarrollo, P\u00e1vel Isa Conteras, resalt\u00f3 que este MPP 2023-2027, es un&nbsp;<em>\u201cbuen instrumento de planificaci\u00f3n y de gesti\u00f3n de la cooperaci\u00f3n y su elaboraci\u00f3n cont\u00f3 con la plena colaboraci\u00f3n de socios nacionales en el sector p\u00fablico, como el Ministerio de Agricultura, el Ministerio de Medio Ambiente, el Banco Agr\u00edcola, el FEDA, el INESPRE, la DGCP, CODOPESCA, el Ministerio de la Mujer y el Ministerio de Industria y Comercio\u201d.<\/em><\/p>\n\n\n\n<p>Resalt\u00f3 que en el&nbsp;<strong>sector privado<\/strong>&nbsp;cont\u00f3 con la participaci\u00f3n de organizaciones no gubernamentales dedicadas al desarrollo rural, organizaciones de productores, cooperativas de ahorro y cr\u00e9dito, proveedores de insumos agropecuarios y entidades bancarias, entre otros.&nbsp;<\/p>\n\n\n\n<p>En el acto, Mario Lubetkin destac\u00f3 el compromiso de la organizaci\u00f3n con el pa\u00eds para brindar el&nbsp;<strong>requerido apoyo al Gobierno<\/strong>&nbsp;en la implementaci\u00f3n de pol\u00edticas y programas que permitan mejorar la&nbsp;<strong>seguridad alimentaria y nutricional<\/strong>, y promover un&nbsp;<strong>desarrollo sostenible y equitativo&nbsp;<\/strong>en Rep\u00fablica Dominicana.<\/p>\n\n\n\n<p><em>\u201cEste acuerdo es un paso importante para fortalecer la cooperaci\u00f3n y el trabajo conjunto entre el Gobierno de la Rep\u00fablica Dominicana y la FAO, con el fin de abordar los desaf\u00edos en la seguridad alimentaria, el desarrollo rural y la transformaci\u00f3n sostenible ambiental, resiliente y adaptativa al cambio clim\u00e1tico de los sistemas agroalimentarios y la pesca\u201d<\/em>, expres\u00f3 Lubetkin.<\/p>\n\n\n\n<p>El Marco de Programaci\u00f3n de Pa\u00eds (MPP) 2023-2027 es una herramienta de planificaci\u00f3n estrat\u00e9gica conjunta entre el Gobierno de Rep\u00fablica Dominicana y la Organizaci\u00f3n de Naciones Unidas para la Alimentaci\u00f3n y la Agricultura (FAO) en el pa\u00eds, que define las&nbsp;<strong>\u00e1reas prioritarias para guiar la asistencia t\u00e9cnica de la FAO al Gobierno<\/strong>&nbsp;en el \u00e1mbito del Marco de Cooperaci\u00f3n Naciones Unidas para el Desarrollo Sostenible&nbsp;<strong>(UNSDCF)<\/strong>.<\/p>\n\n\n\n<p>El MPP es el resultado de un proceso de&nbsp;<strong>revisi\u00f3n y consulta<\/strong>&nbsp;con el Gobierno de la Rep\u00fablica Dominicana, que incluye a diferentes Ministerios y entidades del pa\u00eds, as\u00ed como tambi\u00e9n a los especialistas t\u00e9cnicos de la FAO de Am\u00e9rica Latina y el Caribe.<\/p>\n\n\n\n<p>El coordinador residente de Naciones Unidas para la Rep\u00fablica Dominicana,&nbsp;<strong>Mauricio Ram\u00edrez Villegas,<\/strong>&nbsp;expres\u00f3 que<em>&nbsp;\u201ccomo sistema de las Naciones Unidas tenemos un compromiso conjunto en favor del desarrollo sostenible y de la mejora de la calidad de vida de la poblaci\u00f3n. En este caso, la FAO, a trav\u00e9s de su Marco Programaci\u00f3n Pa\u00eds 2023-2027, contribuye a desarrollar acciones transformadoras y con visi\u00f3n de largo plazo para apoyar al pa\u00eds en su camino hacia un desarrollo inclusivo, resiliente y sostenible, fortaleciendo el enfoque territorial de nuestra cooperaci\u00f3n al pa\u00eds y potenciando soluciones basadas en el aprovechamiento de las ventajas comparativas de las zonas rurales\u201d.<\/em><\/p>\n\n\n\n<p>Por su parte, el Ministro Cruz expres\u00f3 que&nbsp;<em>\"juntos podemos aportar m\u00e1s y lograr muchas cosas. Los sectores agr\u00edcolas y pecuarios necesitan mayor inversi\u00f3n\".<\/em><\/p>\n","protected":false},"excerpt":{"rendered":"<p>Santo Domingo.-&nbsp;El Gobierno de la Rep\u00fablica Dominicana&nbsp;y la Organizaci\u00f3n de las Naciones Unidas para la Alimentaci\u00f3n y la Agricultura&nbsp;(FAO)&nbsp;firmaron el&nbsp;nuevo Marco de Programaci\u00f3n de Pa\u00eds (MPP), en el que se&hellip; <\/p>\n","protected":false},"author":2,"featured_media":2244,"comment_status":"closed","ping_status":"closed","sticky":false,"template":"","format":"standard","meta":{"fifu_image_url":"","fifu_image_alt":"","footnotes":""},"categories":[54],"tags":[],"class_list":["post-2243","post","type-post","status-publish","format-standard","has-post-thumbnail","hentry","category-politica_exterior"],"_links":{"self":[{"href":"https:\/\/elmundodelapolitica.com\/v1\/wp-json\/wp\/v2\/posts\/2243","targetHints":{"allow":["GET"]}}],"collection":[{"href":"https:\/\/elmundodelapolitica.com\/v1\/wp-json\/wp\/v2\/posts"}],"about":[{"href":"https:\/\/elmundodelapolitica.com\/v1\/wp-json\/wp\/v2\/types\/post"}],"author":[{"embeddable":true,"href":"https:\/\/elmundodelapolitica.com\/v1\/wp-json\/wp\/v2\/users\/2"}],"replies":[{"embeddable":true,"href":"https:\/\/elmundodelapolitica.com\/v1\/wp-json\/wp\/v2\/comments?post=2243"}],"version-history":[{"count":1,"href":"https:\/\/elmundodelapolitica.com\/v1\/wp-json\/wp\/v2\/posts\/2243\/revisions"}],"predecessor-version":[{"id":2245,"href":"https:\/\/elmundodelapolitica.com\/v1\/wp-json\/wp\/v2\/posts\/2243\/revisions\/2245"}],"wp:featuredmedia":[{"embeddable":true,"href":"https:\/\/elmundodelapolitica.com\/v1\/wp-json\/wp\/v2\/media\/2244"}],"wp:attachment":[{"href":"https:\/\/elmundodelapolitica.com\/v1\/wp-json\/wp\/v2\/media?parent=2243"}],"wp:term":[{"taxonomy":"category","embeddable":true,"href":"https:\/\/elmundodelapolitica.com\/v1\/wp-json\/wp\/v2\/categories?post=2243"},{"taxonomy":"post_tag","embeddable":true,"href":"https:\/\/elmundodelapolitica.com\/v1\/wp-json\/wp\/v2\/tags?post=2243"}],"curies":[{"name":"wp","href":"https:\/\/api.w.org\/{rel}","templated":true}]}}