{"id":223,"date":"2022-04-17T18:37:20","date_gmt":"2022-04-17T22:37:20","guid":{"rendered":"http:\/\/www.elmundodelapolitica.com\/v2\/?p=25263"},"modified":"2022-04-17T18:37:20","modified_gmt":"2022-04-17T22:37:20","slug":"leonel-fernandez-juramento-la-doc-josefina-pimentel-como-nueva-rectora-del-iglobal","status":"publish","type":"post","link":"https:\/\/elmundodelapolitica.com\/v1\/leonel-fernandez-juramento-la-doc-josefina-pimentel-como-nueva-rectora-del-iglobal\/","title":{"rendered":"Leonel Fern\u00e1ndez jurament\u00f3 la Doc. Josefina Pimentel como nueva rectora del IGLOBAL"},"content":{"rendered":"\n<p>SANTO DOMINGO. \u2013 En su calidad de presidente del Consejo de Regencia del Instituto Global de Altos Estudios en Ciencias Sociales (IGLOBAL), el expresidente de la Rep\u00fablica Dominicana y presidente de la Fundaci\u00f3n Global Democracia y Desarrollo (Funglode), jurament\u00f3 a la doctora Josefina Pimentel como nueva rectora del centro de estudios superiores.<\/p>\n\n\n\n<p>El IGLOBAL, brazo acad\u00e9mico de Funglode, renueva su directiva con la designaci\u00f3n y juramentaci\u00f3n, al mismo tiempo, de la licenciada Josefina Reynoso, como vicerrectora Administrativa del IGLOBAL-.<\/p>\n\n\n\n<p>El doctor Marcos Villam\u00e1n, rector fundador del IGLOBAL, se integra en adelante al Consejo de Regencia del IGLOBAL, junto a V\u00edctor Villanueva, quien se desempe\u00f1aba como vicerrector Acad\u00e9mico. Villam\u00e1n tambi\u00e9n seguir\u00e1 vinculado al IGLOBAL como profesor-investigador, mientras que Villanueva asumir\u00e1 nuevas funciones en el equipo de trabajo de Funglode, del cual forma parte.<\/p>\n\n\n\n<p>Marco Herrera, director ejecutivo de Funglode y miembro del Consejo de Regencia del Instituto, inici\u00f3 la ceremonia de cambio de autoridades, en la sede de Funglode, con la presentaciones y salutaciones de lugar. Indic\u00f3 que la designaci\u00f3n de Pimentel se realiz\u00f3 durante la reuni\u00f3n del Consejo de Regentes del IGLOBAL, celebrada el pasado 8 marzo de 2022.<\/p>\n\n\n\n<p>Villam\u00e1n recibi\u00f3 en el acto una placa de reconocimiento por su labor al frente del IGLOBAL, durante la cual la instituci\u00f3n consolid\u00f3 su aporte a la internacionalizaci\u00f3n de la formaci\u00f3n de estudios de postgrados, en alianza con prestigiosas universidades. Entre ellas, la Universidad de Salamanca, Universidad Rey Juan Carlos, Universit\u00e9 Par\u00eds I Panth\u00e9on Sorbonne, Instituto Universitario Ortega y Gasset y la Universidad Pontificia de Comillas.<\/p>\n\n\n\n<p>El expresidente Fern\u00e1ndez celebr\u00f3 la designaci\u00f3n y resalt\u00f3 que se abre una nueva en el centro de altos estudios, con miras a potenciar a\u00fan m\u00e1s la formaci\u00f3n de los profesionales, en beneficio del pa\u00eds.<\/p>\n\n\n\n<p>Intelectual, adem\u00e1s de pol\u00edtico y tres veces presidente dominicano, Fern\u00e1ndez ha impulsado con su apoyo al IGLOBAL a elevar la calidad de la formaci\u00f3n en los niveles de maestr\u00edas, logrando que profesionales del \u00e1mbito de la administraci\u00f3n p\u00fablica y el Estado dominicano hayan obtenido elevadas capacitaciones. Tambi\u00e9n el \u00e1rea de la educaci\u00f3n y las ciencias pol\u00edticas, as\u00ed como en las relaciones internacional, el IGLOBAL ha descollado por innovar con programas formativos pioneros.<\/p>\n\n\n\n<p>Fern\u00e1ndez manifest\u00f3 que, en esta nueva etapa, el IGLOBAL, con su vocaci\u00f3n de lograr la excelencia acad\u00e9mica, m\u00e1s all\u00e1 de la masificaci\u00f3n, abrir\u00e1 un nuevo cap\u00edtulo en el que la virtualidad, la educaci\u00f3n integral en l\u00ednea, tendr\u00e1 un espacio fundamental.<\/p>\n\n\n\n<p>Pimentel, una experimentada educadora, agradeci\u00f3 la confianza y deferencia por colocarla al frente de una instituci\u00f3n de tan alto prestigio, con un nivel de excelencia, lograda al cabo de 13 a\u00f1os de trabajo. Alab\u00f3 el modelo educativo que ha desarrollado el IGLOBAL, por su enfoque metodol\u00f3gico innovador y un nivel de internacionalizaci\u00f3n que trascendi\u00f3 las experiencias educativas que hab\u00eda tenido el pa\u00eds.<\/p>\n\n\n\n<p>Josefina Reynoso tambi\u00e9n manifest\u00f3 su agradecimiento por la oportunidad de asumir unas funciones que suponen un reto para superar los logros obtenidos. Y avanz\u00f3 que desde ya desarrollan estrategias para potenciar la formaci\u00f3n en \u00e1reas vinculadas a la tecnolog\u00eda y a las demandas de nuevos perfiles profesionales en el pa\u00eds.<\/p>\n\n\n\n<p>Graduada en Derecho de la Pontificia Universidad Cat\u00f3lica Madre y Maestra (PUCMM), Rep\u00fablica Dominicana, Reynoso tiene posgrados en Relaciones Internacionales, del Instituto Tecnol\u00f3gico de Santo Domingo (INTEC) y Posgrado, Pol\u00edtica Estrat\u00e9gica y Seguridad y Defensa, Academia de Estudios Pol\u00edticos y Estrat\u00e9gicos, Misterio de Defensa de Chile. Tambi\u00e9n es mag\u00edster en Seguridad y Defensa, Menci\u00f3n Pol\u00edtica Estrat\u00e9gica por la Academia<br>Nacional de Altos Estudios Pol\u00edticos Estrat\u00e9gicos (ANEPE), Santiago de Chile. y en Derecho Internacional en Seguridad y Defensa del Estado, de la Universidad Complutense de Madrid.<\/p>\n\n\n\n<p>Formaci\u00f3n y experiencia de Josefina Pimentel<\/p>\n\n\n\n<p>Doctorado en Educaci\u00f3n por la Universidad de Valencia, menci\u00f3n Internacional. Cuenta con un M\u00e1ster en Alta Direcci\u00f3n P\u00fablica del Instituto Universitario Ortega y Gasset; Maestr\u00eda en Administraci\u00f3n y Planificaci\u00f3n de la Educaci\u00f3n por el Instituto Internacional de Planeamiento de la Educaci\u00f3n (IIPE) de la UNESCO, Par\u00eds y la Pontificia Universidad Cat\u00f3lica Madre y Maestra (PUCMM); y Maestr\u00eda en Educaci\u00f3n con \u00e9nfasis en Planeamiento Educativo de la Universidad de Brasilia, Brasil. Tiene estudios de Licenciatura en Psicolog\u00eda y de Licenciatura en Educaci\u00f3n, menci\u00f3n Orientaci\u00f3n Escolar, ambas por la Universidad Aut\u00f3noma de Santo Domingo (UASD).<\/p>\n\n\n\n<p>En su experiencia profesional, se destacan la funci\u00f3n de Ministra de Educaci\u00f3n, posici\u00f3n ocupada durante el per\u00edodo 2011-2013; Directora General del Instituto Nacional de Formaci\u00f3n T\u00e9cnico Profesional (INFOTEP) (2007-2011); Viceministra de Educaci\u00f3n para Asuntos T\u00e9cnicos Pedag\u00f3gicos (2004-2007) y Subsecretaria de Estado de Educaci\u00f3n para Asuntos Docentes (1996-2000). Fue directora del Departamento de Pedagog\u00eda de la Universidad Aut\u00f3noma de Santo Domingo (UASD) (1987-1990); y Coordinadora del Proyecto de Profesionalizaci\u00f3n de Maestros Bachilleres en Servicio (SEEBAC-BID) (1992-1996), entre otras funciones.<\/p>\n","protected":false},"excerpt":{"rendered":"<p>SANTO DOMINGO. \u2013 En su calidad de presidente del Consejo de Regencia del Instituto Global de Altos Estudios en Ciencias Sociales (IGLOBAL), el expresidente de la Rep\u00fablica Dominicana y presidente&hellip; <\/p>\n","protected":false},"author":2,"featured_media":224,"comment_status":"closed","ping_status":"open","sticky":false,"template":"","format":"standard","meta":{"fifu_image_url":"","fifu_image_alt":"","footnotes":""},"categories":[22],"tags":[],"class_list":["post-223","post","type-post","status-publish","format-standard","has-post-thumbnail","hentry","category-gerencia"],"_links":{"self":[{"href":"https:\/\/elmundodelapolitica.com\/v1\/wp-json\/wp\/v2\/posts\/223","targetHints":{"allow":["GET"]}}],"collection":[{"href":"https:\/\/elmundodelapolitica.com\/v1\/wp-json\/wp\/v2\/posts"}],"about":[{"href":"https:\/\/elmundodelapolitica.com\/v1\/wp-json\/wp\/v2\/types\/post"}],"author":[{"embeddable":true,"href":"https:\/\/elmundodelapolitica.com\/v1\/wp-json\/wp\/v2\/users\/2"}],"replies":[{"embeddable":true,"href":"https:\/\/elmundodelapolitica.com\/v1\/wp-json\/wp\/v2\/comments?post=223"}],"version-history":[{"count":0,"href":"https:\/\/elmundodelapolitica.com\/v1\/wp-json\/wp\/v2\/posts\/223\/revisions"}],"wp:featuredmedia":[{"embeddable":true,"href":"https:\/\/elmundodelapolitica.com\/v1\/wp-json\/wp\/v2\/media\/224"}],"wp:attachment":[{"href":"https:\/\/elmundodelapolitica.com\/v1\/wp-json\/wp\/v2\/media?parent=223"}],"wp:term":[{"taxonomy":"category","embeddable":true,"href":"https:\/\/elmundodelapolitica.com\/v1\/wp-json\/wp\/v2\/categories?post=223"},{"taxonomy":"post_tag","embeddable":true,"href":"https:\/\/elmundodelapolitica.com\/v1\/wp-json\/wp\/v2\/tags?post=223"}],"curies":[{"name":"wp","href":"https:\/\/api.w.org\/{rel}","templated":true}]}}