{"id":2225,"date":"2023-03-23T14:41:24","date_gmt":"2023-03-23T18:41:24","guid":{"rendered":"https:\/\/elmundodelapolitica.com\/v1\/?p=2225"},"modified":"2023-03-23T14:41:24","modified_gmt":"2023-03-23T18:41:24","slug":"inician-costa-rica-y-dominicana-proyecto-conservacion-areas-protegidas-destinos-turisticos","status":"publish","type":"post","link":"https:\/\/elmundodelapolitica.com\/v1\/inician-costa-rica-y-dominicana-proyecto-conservacion-areas-protegidas-destinos-turisticos\/","title":{"rendered":"Inician Costa Rica y Dominicana proyecto conservaci\u00f3n \u00e1reas protegidas destinos tur\u00edsticos"},"content":{"rendered":"<div>\n<p><em><strong>Santo Domingo<\/strong>,<\/em>\u00a0R.D. Marzo 23, 2023.-\u00a0Con el apoyo de la Cooperaci\u00f3n Alemana para el Desarrollo (GIZ), los gobiernos de Costa Rica y Rep\u00fablica Dominicana iniciaron un proyecto con el fin de conocer las experiencias en temas de biodiversidad en destinos tur\u00edsticos seleccionados y la participaci\u00f3n comunitaria en \u00e1reas protegidas del pa\u00eds quisqueyano.<\/p>\n<figure class=\"wp-block-image size-large\"><img loading=\"lazy\" data-attachment-id=\"26843\" data-permalink=\"https:\/\/elmundodelosnegocios.com.do\/v1\/index.php\/2023\/03\/23\/inician-costa-rica-y-dominicana-proyecto-conservacion-areas-protegidas-destinos-turisticos\/dsc6093\/\" data-orig-file=\"https:\/\/i0.wp.com\/elmundodelosnegocios.com.do\/v1\/wp-content\/uploads\/2023\/03\/DSC6093.jpg?fit=1609%2C821&amp;ssl=1\" data-orig-size=\"1609,821\" data-comments-opened=\"0\" data-image-meta='{\"aperture\":\"4.5\",\"credit\":\"\",\"camera\":\"NIKON Z 6\",\"caption\":\"\",\"created_timestamp\":\"0\",\"copyright\":\"\",\"focal_length\":\"26\",\"iso\":\"800\",\"shutter_speed\":\"0.02\",\"title\":\"\",\"orientation\":\"0\"}' data-image-title=\"DSC6093\" data-image-description=\"\" data-image-caption=\"\" data-medium-file=\"https:\/\/i0.wp.com\/elmundodelosnegocios.com.do\/v1\/wp-content\/uploads\/2023\/03\/DSC6093.jpg?fit=300%2C153&amp;ssl=1\" data-large-file=\"https:\/\/i0.wp.com\/elmundodelosnegocios.com.do\/v1\/wp-content\/uploads\/2023\/03\/DSC6093.jpg?fit=1024%2C523&amp;ssl=1\" decoding=\"async\" width=\"1024\" height=\"523\" src=\"https:\/\/i0.wp.com\/elmundodelosnegocios.com.do\/v1\/wp-content\/uploads\/2023\/03\/DSC6093-1024x523.jpg?resize=1024,523&amp;ssl=1\" alt=\"\" class=\"wp-image-26843\" srcset=\"https:\/\/i0.wp.com\/elmundodelosnegocios.com.do\/v1\/wp-content\/uploads\/2023\/03\/DSC6093.jpg?resize=1024%2C523&amp;ssl=1 1024w, https:\/\/i0.wp.com\/elmundodelosnegocios.com.do\/v1\/wp-content\/uploads\/2023\/03\/DSC6093.jpg?resize=300%2C153&amp;ssl=1 300w, https:\/\/i0.wp.com\/elmundodelosnegocios.com.do\/v1\/wp-content\/uploads\/2023\/03\/DSC6093.jpg?resize=768%2C392&amp;ssl=1 768w, https:\/\/i0.wp.com\/elmundodelosnegocios.com.do\/v1\/wp-content\/uploads\/2023\/03\/DSC6093.jpg?resize=1536%2C784&amp;ssl=1 1536w, https:\/\/i0.wp.com\/elmundodelosnegocios.com.do\/v1\/wp-content\/uploads\/2023\/03\/DSC6093.jpg?w=1609&amp;ssl=1 1609w\" sizes=\"auto, (max-width: 1024px) 100vw, 1024px\" data-recalc-dims=\"1\"><\/figure>\n<p>Para este objetivo se encuentra en el pa\u00eds una delegaci\u00f3n de t\u00e9cnicos costarricenses de entidades sobre temas de \u00e1reas protegidas, del Instituto Costarricense de Turismo (ICT) y representantes del organismo de cooperaci\u00f3n internacional GIZ,<\/p>\n<figure class=\"wp-block-image size-large\"><img data-attachment-id=\"26844\" data-permalink=\"https:\/\/elmundodelosnegocios.com.do\/v1\/index.php\/2023\/03\/23\/inician-costa-rica-y-dominicana-proyecto-conservacion-areas-protegidas-destinos-turisticos\/dsc6111\/\" data-orig-file=\"https:\/\/i0.wp.com\/elmundodelosnegocios.com.do\/v1\/wp-content\/uploads\/2023\/03\/DSC6111.jpg?fit=1561%2C730&amp;ssl=1\" data-orig-size=\"1561,730\" data-comments-opened=\"0\" data-image-meta='{\"aperture\":\"4.5\",\"credit\":\"\",\"camera\":\"NIKON Z 6\",\"caption\":\"\",\"created_timestamp\":\"0\",\"copyright\":\"\",\"focal_length\":\"24\",\"iso\":\"800\",\"shutter_speed\":\"0.02\",\"title\":\"\",\"orientation\":\"0\"}' data-image-title=\"DSC6111\" data-image-description=\"\" data-image-caption=\"\" data-medium-file=\"https:\/\/i0.wp.com\/elmundodelosnegocios.com.do\/v1\/wp-content\/uploads\/2023\/03\/DSC6111.jpg?fit=300%2C140&amp;ssl=1\" data-large-file=\"https:\/\/i0.wp.com\/elmundodelosnegocios.com.do\/v1\/wp-content\/uploads\/2023\/03\/DSC6111.jpg?fit=1024%2C479&amp;ssl=1\" decoding=\"async\" loading=\"lazy\" width=\"1024\" height=\"479\" src=\"https:\/\/i0.wp.com\/elmundodelosnegocios.com.do\/v1\/wp-content\/uploads\/2023\/03\/DSC6111-1024x479.jpg?resize=1024,479&amp;ssl=1\" alt=\"\" class=\"wp-image-26844\" srcset=\"https:\/\/i0.wp.com\/elmundodelosnegocios.com.do\/v1\/wp-content\/uploads\/2023\/03\/DSC6111.jpg?resize=1024%2C479&amp;ssl=1 1024w, https:\/\/i0.wp.com\/elmundodelosnegocios.com.do\/v1\/wp-content\/uploads\/2023\/03\/DSC6111.jpg?resize=300%2C140&amp;ssl=1 300w, https:\/\/i0.wp.com\/elmundodelosnegocios.com.do\/v1\/wp-content\/uploads\/2023\/03\/DSC6111.jpg?resize=768%2C359&amp;ssl=1 768w, https:\/\/i0.wp.com\/elmundodelosnegocios.com.do\/v1\/wp-content\/uploads\/2023\/03\/DSC6111.jpg?resize=1536%2C718&amp;ssl=1 1536w, https:\/\/i0.wp.com\/elmundodelosnegocios.com.do\/v1\/wp-content\/uploads\/2023\/03\/DSC6111.jpg?w=1561&amp;ssl=1 1561w\" sizes=\"auto, (max-width: 1024px) 100vw, 1024px\" data-recalc-dims=\"1\"><\/figure>\n<p>Carlos Andr\u00e9s Peguero, viceministro de Cooperaci\u00f3n Internacional del Ministerio de Turismo (MITUR), encabez\u00f3 el acto de bienvenida a la misi\u00f3n costarricense que, junto a especialistas locales del \u00e1rea, tendr\u00e1n a su cargo el proyecto \u201cGesti\u00f3n de Destinos Tur\u00edsticos responsables con la Biodiversidad y Resilientes ante Crisis Sanitaria\u201d.<\/p>\n<p>En el mismo estuvieron presentes los embajadores de Alemania, la se\u00f1ora Maike Friedrichsen y de Costa Rica, Edwin Arias Chinchilla,\u00a0en Rep\u00fablica Dominicana.<\/p>\n<p>Peguero, en nombre del ministro de Turismo, David Collado, resalt\u00f3 el compromiso del gobierno encabezado por el presidente Luis Abinader, el respeto al medio ambiente, a las \u00e1reas protegidas y los ecosistemas, como lo ha sido el nuevo proyecto Tur\u00edstico de Pedernales, que en un 66 por ciento es \u00e1rea protegida.<\/p>\n<p>\u201cCreemos que la nueva p\u00e1gina que debemos construir es la de un turismo sostenible en armon\u00eda con las comunidades receptoras del turismo\u201d, apunt\u00f3.<\/p>\n<p>El funcionario del Mitur destac\u00f3 la importancia de esta iniciativa de intercambio de experiencias al valorar las riquezas en biodiversidad y desarrollo tur\u00edstico mostrado por Costa Rica a trav\u00e9s de los a\u00f1os.<\/p>\n<p>En el acto de bienvenida, Maike Friedrischsen, embajadora de Alemania en Rep\u00fablica Dominicana, valor\u00f3 la naturaleza, paisajismo y la calidez humana, los factores comunes que comparten tanto Costa Rica como al pa\u00eds caribe\u00f1o, por los que, complace al gobierno de su pa\u00eds y la cooperaci\u00f3n alemana apoyar este tipo de iniciativas.<\/p>\n<p>Edwin Arias Chinchilla, embajador de Costa Rica en Rep\u00fablica Dominicana, destac\u00f3 la inclusi\u00f3n en la iniciativa de unas 18 ideas innovadoras para la recuperaci\u00f3n del sector tur\u00edstico entre ambos pa\u00edses que incluyen el desarrollo de productos tur\u00edsticos, la gesti\u00f3n de residuos, entre otros.<\/p>\n<p>Se\u00f1al\u00f3 que, en dos a\u00f1os de implementaci\u00f3n, este proyecto llega para aportar en el cumplimiento de los objetivos de desarrollo sostenible y la agenda 2030 de las Naciones Unidas.<\/p>\n<p>Por su parte, Olaya Dotel, viceministra de Cooperaci\u00f3n Internacional del Ministerio de Econom\u00eda, Planificaci\u00f3n y Desarrollo (MEPyD), agradeci\u00f3 a los gobiernos de Alemania y Costa Rica por propiciar las herramientas necesarias para contribuir de manera exitosa al desarrollo de dicho proyecto.<\/p>\n<p>Sostuvo que el intercambio de conocimientos en funci\u00f3n de los protocolos sanitarios y otras herramientas, a partir de la crisis mundial generada por el Covid 19, fue clave para sostener el turismo dominicano \u201cque el pasado a\u00f1o 2022 tuvo cifras de 7,16 millones de turistas no residentes y alrededor de 8 mil millones de d\u00f3lares de ingresos, convirti\u00e9ndolo en un a\u00f1o r\u00e9cord para la industria del turismo\u201d.<\/p>\n<p>De manera virtual, participaron, asimismo, la embajadora de Rep\u00fablica Dominicana en Costa Rica, Mayerlin Cordero D\u00edaz y Rafael Guti\u00e9rrez Rojas, ministro de Ambiente y Energ\u00eda y director ejecutivo del Sistema de \u00e1reas de conservaci\u00f3n del pa\u00eds centroamericano.<\/p>\n<p>Ambos coincidieron en los beneficios que resultar\u00e1 de estos encuentros por temas y aspectos en com\u00fan que tienen tanto Costa Rica y Rep\u00fablica Dominicana en recursos naturales como biodiversidad, as\u00ed como, las experiencias de la participaci\u00f3n comunitaria en \u00e1reas protegidas.<\/p>\n<p>En el acto, llevado a cabo en la sede del Mitur, adem\u00e1s, tuvieron palabras de salutaci\u00f3n el viceministro de \u00c1reas Protegidas del Ministerio de Medio Ambiente y Recursos Naturales, Federico Franco.<\/p>\n<p>Durante su estad\u00eda en el pa\u00eds hasta el 25 de este mes, y en el contexto de la agenda de trabajos, los t\u00e9cnicos costarricenses visitar\u00e1n \u00e1reas protegidas e intercambiar\u00e1n experiencias con residentes en comunidades de Saman\u00e1, Las Galeras, Jamao al Norte y Puerto Plata.<\/p>\n<p>El proyecto cuenta adem\u00e1s con el respaldo del Ministerio de Planificaci\u00f3n Nacional y Pol\u00edtica Econ\u00f3mica (MIDEPLAN).<\/p>\n<\/div>\n","protected":false},"excerpt":{"rendered":"<p>Santo Domingo,\u00a0R.D. Marzo 23, 2023.-\u00a0Con el apoyo de la Cooperaci\u00f3n Alemana para el Desarrollo (GIZ), los gobiernos de Costa Rica y Rep\u00fablica Dominicana iniciaron un proyecto con el fin de&hellip; <\/p>\n","protected":false},"author":2,"featured_media":2226,"comment_status":"closed","ping_status":"closed","sticky":false,"template":"","format":"standard","meta":{"fifu_image_url":"https:\/\/i0.wp.com\/elmundodelosnegocios.com.do\/v1\/wp-content\/uploads\/2023\/03\/DSC6093-1024x523.jpg?resize=1024,523&ssl=1","fifu_image_alt":"Inician Costa Rica y Dominicana proyecto conservaci\u00f3n \u00e1reas protegidas destinos tur\u00edsticos","footnotes":""},"categories":[63],"tags":[],"class_list":["post-2225","post","type-post","status-publish","format-standard","has-post-thumbnail","hentry","category-actualidad"],"_links":{"self":[{"href":"https:\/\/elmundodelapolitica.com\/v1\/wp-json\/wp\/v2\/posts\/2225","targetHints":{"allow":["GET"]}}],"collection":[{"href":"https:\/\/elmundodelapolitica.com\/v1\/wp-json\/wp\/v2\/posts"}],"about":[{"href":"https:\/\/elmundodelapolitica.com\/v1\/wp-json\/wp\/v2\/types\/post"}],"author":[{"embeddable":true,"href":"https:\/\/elmundodelapolitica.com\/v1\/wp-json\/wp\/v2\/users\/2"}],"replies":[{"embeddable":true,"href":"https:\/\/elmundodelapolitica.com\/v1\/wp-json\/wp\/v2\/comments?post=2225"}],"version-history":[{"count":0,"href":"https:\/\/elmundodelapolitica.com\/v1\/wp-json\/wp\/v2\/posts\/2225\/revisions"}],"wp:featuredmedia":[{"embeddable":true,"href":"https:\/\/elmundodelapolitica.com\/v1\/wp-json\/wp\/v2\/media\/2226"}],"wp:attachment":[{"href":"https:\/\/elmundodelapolitica.com\/v1\/wp-json\/wp\/v2\/media?parent=2225"}],"wp:term":[{"taxonomy":"category","embeddable":true,"href":"https:\/\/elmundodelapolitica.com\/v1\/wp-json\/wp\/v2\/categories?post=2225"},{"taxonomy":"post_tag","embeddable":true,"href":"https:\/\/elmundodelapolitica.com\/v1\/wp-json\/wp\/v2\/tags?post=2225"}],"curies":[{"name":"wp","href":"https:\/\/api.w.org\/{rel}","templated":true}]}}