{"id":2221,"date":"2023-03-23T13:30:35","date_gmt":"2023-03-23T17:30:35","guid":{"rendered":"https:\/\/elmundodelapolitica.com\/v1\/?p=2221"},"modified":"2023-03-23T13:30:35","modified_gmt":"2023-03-23T17:30:35","slug":"lanzan-licitacion-rd1098-millones-fortalecer-sistema-publico-salud","status":"publish","type":"post","link":"https:\/\/elmundodelapolitica.com\/v1\/lanzan-licitacion-rd1098-millones-fortalecer-sistema-publico-salud\/","title":{"rendered":"Lanzan licitaci\u00f3n RD$1,098 millones fortalecer Sistema P\u00fablico Salud"},"content":{"rendered":"<div>\n<p>SANTO DOMINGO, R.D. Marzo 23, 2023.- El Programa de Medicamentos Esenciales y Central de Apoyo Log\u00edstico (PROMESE\/CAL), lanz\u00f3 una licitaci\u00f3n p\u00fablica nacional,\u00a0\u00a0para adquirir medicamentos e insumos m\u00e9dicos sanitarios que reforzar\u00e1n el Sistema P\u00fablico Nacional de Salud, durante el per\u00edodo agosto-diciembre de 2023, por un monto de\u00a01,098,585,524.70.\u00a0<\/p>\n<p>A trav\u00e9s del proceso, referencia PROMESE\/CAL-CCC-LPN-2023-0002, se est\u00e1n licitando 362 renglones, entre los que se encuentran vitaminas,\u00a0anticonvulsivos,\u00a0\u00a0neurol\u00e9pticos, \u00a0antipsic\u00f3ticos,\u00a0benzodiacepinas,\u00a0antiinflamatorios, antihistam\u00ednicos y antihelm\u00ednticos.\u00a0<\/p>\n<p>Tambi\u00e9n antidiab\u00e9ticos, \u00a0antimicrobianos, inhibidores,\u00a0anticonvulsivos,\u00a0<em>eritropoyetina, insulina,\u00a0<\/em>agujas raqu\u00eddeas, bajantes de suero, c\u00e1nulas, cat\u00e9teres, jeringas, entre otros.\u00a0<\/p>\n<p>El director general de PROMESE\/CAL, Adolfo P\u00e9rez, explic\u00f3 que con este proceso se busca reforzar los niveles de inventario de los hospitales p\u00fablicos, y los Centros de Primer Nivel de Salud a nivel nacional.\u00a0<\/p>\n<p>P\u00e9rez, afirm\u00f3 que la compra ser\u00e1 posible gracias al incremento en el presupuesto de la entidad, que dispuso el presidente Abinader, este a\u00f1o; el pasado mes de enero. \u00a0<\/p>\n<p>Igualmente, asegur\u00f3 que el proceso se llevar\u00e1 a cabo bajo estricto cumplimiento de la Ley de Compras y Contrataciones P\u00fablicas 340-06.\u00a0<\/p>\n<p>El proceso de recepci\u00f3n de las propuestas se llevar\u00e1n a cabo\u00a0los d\u00edas mi\u00e9rcoles diez (10) y jueves once (11) del mes de mayo,\u00a0en horario de 8:30 de la ma\u00f1ana hasta las 2:00 de la tarde, en la sede de PROMESE\/CAL de Santo Domingo Norte.\u00a0Los interesados\u00a0en retirar el Pliego de Condiciones Espec\u00edficas de la licitaci\u00f3n, pueden descargarlo de la p\u00e1gina web de la instituci\u00f3n:\u00a0<a href=\"http:\/\/www.promesecal.gob.do\/\" target=\"_blank\" rel=\"noreferrer noopener\">www.promesecal.gob.do<\/a>\u00a0o del portal de la DGCP:\u00a0<a href=\"http:\/\/www.comprasdominicana.gov.do\/\" target=\"_blank\" rel=\"noreferrer noopener\">www.comprasdominicana.gov.do<\/a>,\u00a0a los fines de la elaboraci\u00f3n de sus propuestas. \u00a0<\/p>\n<\/div>\n","protected":false},"excerpt":{"rendered":"<p>SANTO DOMINGO, R.D. Marzo 23, 2023.- El Programa de Medicamentos Esenciales y Central de Apoyo Log\u00edstico (PROMESE\/CAL), lanz\u00f3 una licitaci\u00f3n p\u00fablica nacional,\u00a0\u00a0para adquirir medicamentos e insumos m\u00e9dicos sanitarios que reforzar\u00e1n&hellip; <\/p>\n","protected":false},"author":2,"featured_media":0,"comment_status":"closed","ping_status":"closed","sticky":false,"template":"","format":"standard","meta":{"fifu_image_url":"","fifu_image_alt":"","footnotes":""},"categories":[63],"tags":[],"class_list":["post-2221","post","type-post","status-publish","format-standard","hentry","category-actualidad"],"_links":{"self":[{"href":"https:\/\/elmundodelapolitica.com\/v1\/wp-json\/wp\/v2\/posts\/2221","targetHints":{"allow":["GET"]}}],"collection":[{"href":"https:\/\/elmundodelapolitica.com\/v1\/wp-json\/wp\/v2\/posts"}],"about":[{"href":"https:\/\/elmundodelapolitica.com\/v1\/wp-json\/wp\/v2\/types\/post"}],"author":[{"embeddable":true,"href":"https:\/\/elmundodelapolitica.com\/v1\/wp-json\/wp\/v2\/users\/2"}],"replies":[{"embeddable":true,"href":"https:\/\/elmundodelapolitica.com\/v1\/wp-json\/wp\/v2\/comments?post=2221"}],"version-history":[{"count":0,"href":"https:\/\/elmundodelapolitica.com\/v1\/wp-json\/wp\/v2\/posts\/2221\/revisions"}],"wp:attachment":[{"href":"https:\/\/elmundodelapolitica.com\/v1\/wp-json\/wp\/v2\/media?parent=2221"}],"wp:term":[{"taxonomy":"category","embeddable":true,"href":"https:\/\/elmundodelapolitica.com\/v1\/wp-json\/wp\/v2\/categories?post=2221"},{"taxonomy":"post_tag","embeddable":true,"href":"https:\/\/elmundodelapolitica.com\/v1\/wp-json\/wp\/v2\/tags?post=2221"}],"curies":[{"name":"wp","href":"https:\/\/api.w.org\/{rel}","templated":true}]}}