{"id":2204,"date":"2023-03-22T10:09:22","date_gmt":"2023-03-22T14:09:22","guid":{"rendered":"https:\/\/elmundodelapolitica.com\/v1\/?p=2204"},"modified":"2023-03-22T10:09:22","modified_gmt":"2023-03-22T14:09:22","slug":"republica-dominicana-y-ecuador-firman-acuerdo-para-garantizar-pensiones-a-trabajadores","status":"publish","type":"post","link":"https:\/\/elmundodelapolitica.com\/v1\/republica-dominicana-y-ecuador-firman-acuerdo-para-garantizar-pensiones-a-trabajadores\/","title":{"rendered":"Rep\u00fablica Dominicana y Ecuador firman acuerdo para garantizar pensiones a trabajadores"},"content":{"rendered":"<div>\n<p>Santo Domingo.- Los Gobiernos de la\u00a0<strong>Rep\u00fablica Dominicana y Ecuador<\/strong>\u00a0firmaron hoy un acuerdo administrativo para la aplicaci\u00f3n del\u00a0<strong>Convenio Bilateral de Seguridad Social<\/strong>, el cual permitir\u00e1 que\u00a0<strong>trabajadores de ambos pa\u00edses<\/strong>\u00a0puedan solicitar\u00a0<strong>pensiones<\/strong>\u00a0de vejez, discapacidad y sobrevivencia producto de sus\u00a0<strong>cotizaciones acumuladas durante su trabajo en el extranjero.<\/strong><\/p>\n<p>El Ministro de Trabajo y presidente del Consejo Nacional de Seguridad Social (CNSS),\u00a0<strong>Luis Miguel De Camps Garc\u00eda,<\/strong>\u00a0y el embajador de Ecuador en la Rep\u00fablica Dominicana,\u00a0<strong>Santiago Mart\u00ednez Esp\u00edndola<\/strong>, firmaron dicho acuerdo administrativo el cual tiene el objeto\u00a0<strong>implementar y reglamentar<\/strong>\u00a0el Convenio en Seguridad Social suscrito entre ambos pa\u00edses en 2013, pero que<strong>\u00a0hasta la fecha no hab\u00eda sido implementado.<\/strong><\/p>\n<p>La finalidad del convenio es asegurar una cobertura en\u00a0<strong>pensiones adecuadas<\/strong>\u00a0y mejorar las\u00a0<strong>condiciones laborales<\/strong>de los trabajadores de cada una de estas naciones. La puesta en marcha de este convenio garantizar\u00e1 que al final de su vida laboral, los trabajadores de ambos pa\u00edses tengan\u00a0<strong>derecho a solicitar una pensi\u00f3n<\/strong>\u00a0producto de las cotizaciones realizadas en sus empleos formales.<\/p>\n<p>El embajador Mart\u00ednez Esp\u00edndola agradeci\u00f3 que el Gobierno de Rep\u00fablica Dominicana haya tenido la\u00a0<strong>decisi\u00f3n pol\u00edtica de poner en marcha este acuerdo<\/strong>, a la vez que valor\u00f3 el trabajo conjunto del\u00a0<strong>personal de la embajada ecuatoriana y del Instituto Ecuatoriano de Seguridad Social.<\/strong><\/p>\n<p><em>\u201cEl derecho internacional tiene como objetivo favorecer al ser humano y a las naciones y este es un paso hist\u00f3rico para que pueda cumplirse este acuerdo en beneficio de nuestras poblaciones\u201d,<\/em>\u00a0agreg\u00f3.<\/p>\n<p>En tanto que el Ministro de Trabajo y presidente del CNSS, Luis Miguel De Camps Garc\u00eda, dijo que el Gobierno dominicano y el Gobierno de Ecuador han producido unas relaciones m\u00e1s profundas, saludables y sanas que promueven<strong>\u00a0el desarrollo y la democracia.<\/strong><\/p>\n<figure class=\"wp-block-image\"><img decoding=\"async\" src=\"https:\/\/i0.wp.com\/presidencia.gob.do\/sites\/default\/files\/content\/Rep\u00fablica Dominicana y Ecuador firman acuerdo  1.jpeg?w=1110&amp;ssl=1\" alt=\"\" data-recalc-dims=\"1\"><\/figure>\n<p><em>\u201cSi bien es cierto que hace 10 a\u00f1os estuvo esta intenci\u00f3n, hoy es importante que con este enfoque, capacidad de trabajo y decisi\u00f3n, podamos materializar estos beneficios para los trabajadores y no dejar de lado este acuerdo\u201d, sostuvo De Camps.<\/em><\/p>\n<p>El acuerdo administrativo entrar\u00e1 en vigor 6 meses despu\u00e9s de la fecha de su formalizaci\u00f3n, siempre y cuando se haya concretizado<strong>\u00a0todos los aspectos normativos requeridos para su ejecuci\u00f3n<\/strong>\u00a0y ser\u00e1 por tiempo indefinido. El mismo es parte del plan de trabajo internacional que desarrolla el Ministerio de Trabajo, el cual busca\u00a0<strong>poner en funcionamiento los distintos acuerdos internacionales en materia laboral y de seguridad social<\/strong>\u00a0que se encuentran sin implementar, as\u00ed como establecer\u00a0<strong>nuevos lazos de cooperaci\u00f3n<\/strong>\u00a0para el beneficio de los trabajadores dominicanos.<\/p>\n<p>Los organismos de enlace del convenio son en Rep\u00fablica Dominicana el Ministerio de Trabajo, a trav\u00e9s del\u00a0<strong>Consejo Nacional de Seguridad Social (CNSS)<\/strong>\u00a0y en Ecuador,\u00a0<strong>el Instituto Ecuatoriano de Seguridad Social (IESS).<\/strong><\/p>\n<p>En la firma del acuerdo estuvo presente el viceministro de Trabajo en Salud y Riesgos Laborales, Juan Est\u00e9vez; el gerente general del CNSS, Edward Guzm\u00e1n, y la subgerente general del CNSS, Marilyn Rodr\u00edguez.<\/p>\n<p>El embajador de Ecuador en Rep\u00fablica Dominicana, Santiago Mart\u00ednez Esp\u00edndola, estuvo acompa\u00f1ado por el primer secretario, Diego Titua\u00f1a, y la asistente de la embajada, Raquel Cueto.<\/p>\n<\/div>\n","protected":false},"excerpt":{"rendered":"<p>Santo Domingo.- Los Gobiernos de la\u00a0Rep\u00fablica Dominicana y Ecuador\u00a0firmaron hoy un acuerdo administrativo para la aplicaci\u00f3n del\u00a0Convenio Bilateral de Seguridad Social, el cual permitir\u00e1 que\u00a0trabajadores de ambos pa\u00edses\u00a0puedan solicitar\u00a0pensiones\u00a0de vejez,&hellip; <\/p>\n","protected":false},"author":2,"featured_media":2205,"comment_status":"closed","ping_status":"closed","sticky":false,"template":"","format":"standard","meta":{"fifu_image_url":"https:\/\/i0.wp.com\/presidencia.gob.do\/sites\/default\/files\/content\/Rep\u00fablica%20Dominicana%20y%20Ecuador%20firman%20acuerdo%20%201.jpeg?w=1110&ssl=1","fifu_image_alt":"Rep\u00fablica Dominicana y Ecuador firman acuerdo para garantizar pensiones a trabajadores","footnotes":""},"categories":[63],"tags":[],"class_list":["post-2204","post","type-post","status-publish","format-standard","has-post-thumbnail","hentry","category-actualidad"],"_links":{"self":[{"href":"https:\/\/elmundodelapolitica.com\/v1\/wp-json\/wp\/v2\/posts\/2204","targetHints":{"allow":["GET"]}}],"collection":[{"href":"https:\/\/elmundodelapolitica.com\/v1\/wp-json\/wp\/v2\/posts"}],"about":[{"href":"https:\/\/elmundodelapolitica.com\/v1\/wp-json\/wp\/v2\/types\/post"}],"author":[{"embeddable":true,"href":"https:\/\/elmundodelapolitica.com\/v1\/wp-json\/wp\/v2\/users\/2"}],"replies":[{"embeddable":true,"href":"https:\/\/elmundodelapolitica.com\/v1\/wp-json\/wp\/v2\/comments?post=2204"}],"version-history":[{"count":0,"href":"https:\/\/elmundodelapolitica.com\/v1\/wp-json\/wp\/v2\/posts\/2204\/revisions"}],"wp:featuredmedia":[{"embeddable":true,"href":"https:\/\/elmundodelapolitica.com\/v1\/wp-json\/wp\/v2\/media\/2205"}],"wp:attachment":[{"href":"https:\/\/elmundodelapolitica.com\/v1\/wp-json\/wp\/v2\/media?parent=2204"}],"wp:term":[{"taxonomy":"category","embeddable":true,"href":"https:\/\/elmundodelapolitica.com\/v1\/wp-json\/wp\/v2\/categories?post=2204"},{"taxonomy":"post_tag","embeddable":true,"href":"https:\/\/elmundodelapolitica.com\/v1\/wp-json\/wp\/v2\/tags?post=2204"}],"curies":[{"name":"wp","href":"https:\/\/api.w.org\/{rel}","templated":true}]}}