{"id":2193,"date":"2023-03-21T08:42:40","date_gmt":"2023-03-21T12:42:40","guid":{"rendered":"https:\/\/elmundodelapolitica.com\/v1\/?p=2193"},"modified":"2023-03-21T08:42:40","modified_gmt":"2023-03-21T12:42:40","slug":"aduanas-y-empresas-logisticas-aunan-esfuerzos-para-hacer-del-pais-un-hub-de-carga-aerea-internacional","status":"publish","type":"post","link":"https:\/\/elmundodelapolitica.com\/v1\/aduanas-y-empresas-logisticas-aunan-esfuerzos-para-hacer-del-pais-un-hub-de-carga-aerea-internacional\/","title":{"rendered":"Aduanas y empresas log\u00edsticas a\u00fanan esfuerzos para hacer del pa\u00eds un hub de carga a\u00e9rea internacional"},"content":{"rendered":"<div>\n<p>Santo Domingo.-\u00a0<strong>La Direcci\u00f3n General de Aduanas (DGA),\u00a0<\/strong>y los principales actores del\u00a0<strong>sector log\u00edstico<\/strong>\u00a0a\u00fanan esfuerzos con el objetivo de convertir al pa\u00eds en\u00a0<strong>hub de carga a\u00e9rea internacional<\/strong>, lo que representa la forma m\u00e1s din\u00e1mica del intercambio comercial entre los pa\u00edses.\u00a0<\/p>\n<p>La entidad recaudadora sostuvo un encuentro con las principales empresas exportadoras, zonas francas, operadores aeroportuarios, l\u00edneas a\u00e9reas y manejadores de carga del pa\u00eds, para motivarlos a que exploten las\u00a0<strong>ventajas de importar y exportar mercanc\u00eda v\u00eda a\u00e9rea.<\/strong>\u00a0<\/p>\n<p>Para tales fines se conform\u00f3 una\u00a0<strong>mesa t\u00e9cnica<\/strong>\u00a0con los representantes de todo el sector log\u00edstico, en busca de lograr una\u00a0<strong>sinergia entre el sector p\u00fablico y privado<\/strong>.\u00a0<\/p>\n<p>Durante el taller, realizado en las instalaciones de la DGA, t\u00e9cnicos de la instituci\u00f3n y expertos en el almacenaje y transporte de carga, as\u00ed como representantes de l\u00edneas a\u00e9reas y aeropuertos, analizaron los\u00a0<strong>principales desaf\u00edos y avances en cuanto a conectividad a\u00e9rea<\/strong>, desde y hacia la Rep\u00fablica Dominicana y, a su vez, las ventajas que supone transportar mercanc\u00eda por esa v\u00eda.\u00a0<\/p>\n<p><strong>El director de Aduanas, Eduardo Sanz Lovat\u00f3n<\/strong>, cit\u00f3 que nuestra capacidad para movimiento de carga es una\u00a0<strong>fortaleza que debemos explotar en su m\u00e1ximo nivel.<\/strong>\u00a0<\/p>\n<p><em>\u201cComo instituci\u00f3n hemos puesto nuestro empe\u00f1o y esfuerzo para que el hub log\u00edstico sea una realidad. Estamos identificando las mejores oportunidades del mercado para el pa\u00eds a trav\u00e9s del estudio de segmento del hub\u201d,<\/em>\u00a0indic\u00f3 Sanz Lovat\u00f3n.\u00a0<\/p>\n<p>Destac\u00f3 que actualmente\u00a0<strong>m\u00e1s del 60 % de la carga a\u00e9rea en el mundo es transportada en las bodegas de los aviones de pasajeros<\/strong>, lo que representa una gran oportunidad para la Rep\u00fablica Dominicana, por la frecuencia de 200 vuelos internacionales que registran los aeropuertos del pa\u00eds.\u00a0<\/p>\n<p>Entre las estad\u00edsticas expuestas, el funcionario destac\u00f3 que durante el\u00a0<strong>2022<\/strong>\u00a0el pa\u00eds registr\u00f3 un promedio de 400 operaciones aeroportuarias diarias y\u00a0<strong>121,522 toneladas de carga movilizadas v\u00eda a\u00e9rea<\/strong>, con un valor FOB de esa mercanc\u00eda por US 6,615 millones.<\/p>\n<p>El pasado a\u00f1o transitaron por los aeropuertos dominicanos 1,258 toneladas de mercanc\u00eda, para un total de 4,510 en los \u00faltimos 5 a\u00f1os.\u00a0<\/p>\n<p>Por su parte, las empresas participantes mostraron las estrategias que han utilizado para lograr este modelo de negocio, apoyados en la alta conectividad a\u00e9rea que tiene el pa\u00eds y la\u00a0<strong>oferta de servicios a\u00e9reos para poder llegar a sus clientes en cualquier lugar, de forma r\u00e1pida, eficiente y a un costo competitivo.<\/strong><\/p>\n<p><em>\u201cCualquiera que intervenga en el \u00e1rea log\u00edstica debe estar aliando para conseguir el mismo objetivo\u2026 Contar con un hub que ofrece importantes conexiones genera oportunidades\u201d,<\/em>\u00a0resalt\u00f3\u00a0<strong>Paco Ortega, vicepresidente para Am\u00e9rica Central y Am\u00e9rica del Sur del Grupo ECS.<\/strong><\/p>\n<p>El evento se enmarca en las acciones que lleva a cabo la DGA para convertir a Rep\u00fablica Dominicana en un\u00a0<strong>hub log\u00edstico regional de clase mundial.\u00a0<\/strong><\/p>\n<p>En el encuentro, se expusieron tres paneles con los temas:<strong>\u00a0\u201cDistribuci\u00f3n a\u00e9rea directa desde Rep. Dom.\u201d, \u201cPuntos claves para competir como hub a\u00e9reo de la Regi\u00f3n\u201d y \u201cRol de las autoridades para impulsar el hub a\u00e9reo de carga.\u201d\u00a0<\/strong><\/p>\n<p>En los paneles participaron representantes de las empresas Spirit, Boombah Dominicana SRL, Resonance, Mustad, FedEx, UPS y DHL, Caribe Cargo, CaribeTrans, Lift Cargo, Aerodom y Grupo Punta Cana.\u00a0<\/p>\n<p>Tambi\u00e9n entidades como la Direcci\u00f3n Nacional de Control de Drogas, Junta de Aviaci\u00f3n Civil, Instituto Dominicano de Aviaci\u00f3n Civil, Cuerpo Especializado de Seguridad Aeroportuaria, Departamento Aeroportuario, C\u00e1mara Americana de Comercio de la Rep\u00fablica Dominicana, Sanidad Animal y Sanidad Vegetal.<\/p>\n<\/div>\n","protected":false},"excerpt":{"rendered":"<p>Santo Domingo.-\u00a0La Direcci\u00f3n General de Aduanas (DGA),\u00a0y los principales actores del\u00a0sector log\u00edstico\u00a0a\u00fanan esfuerzos con el objetivo de convertir al pa\u00eds en\u00a0hub de carga a\u00e9rea internacional, lo que representa la forma&hellip; <\/p>\n","protected":false},"author":2,"featured_media":0,"comment_status":"closed","ping_status":"closed","sticky":false,"template":"","format":"standard","meta":{"fifu_image_url":"","fifu_image_alt":"","footnotes":""},"categories":[63],"tags":[],"class_list":["post-2193","post","type-post","status-publish","format-standard","hentry","category-actualidad"],"_links":{"self":[{"href":"https:\/\/elmundodelapolitica.com\/v1\/wp-json\/wp\/v2\/posts\/2193","targetHints":{"allow":["GET"]}}],"collection":[{"href":"https:\/\/elmundodelapolitica.com\/v1\/wp-json\/wp\/v2\/posts"}],"about":[{"href":"https:\/\/elmundodelapolitica.com\/v1\/wp-json\/wp\/v2\/types\/post"}],"author":[{"embeddable":true,"href":"https:\/\/elmundodelapolitica.com\/v1\/wp-json\/wp\/v2\/users\/2"}],"replies":[{"embeddable":true,"href":"https:\/\/elmundodelapolitica.com\/v1\/wp-json\/wp\/v2\/comments?post=2193"}],"version-history":[{"count":0,"href":"https:\/\/elmundodelapolitica.com\/v1\/wp-json\/wp\/v2\/posts\/2193\/revisions"}],"wp:attachment":[{"href":"https:\/\/elmundodelapolitica.com\/v1\/wp-json\/wp\/v2\/media?parent=2193"}],"wp:term":[{"taxonomy":"category","embeddable":true,"href":"https:\/\/elmundodelapolitica.com\/v1\/wp-json\/wp\/v2\/categories?post=2193"},{"taxonomy":"post_tag","embeddable":true,"href":"https:\/\/elmundodelapolitica.com\/v1\/wp-json\/wp\/v2\/tags?post=2193"}],"curies":[{"name":"wp","href":"https:\/\/api.w.org\/{rel}","templated":true}]}}