{"id":2192,"date":"2023-03-21T08:36:41","date_gmt":"2023-03-21T12:36:41","guid":{"rendered":"https:\/\/elmundodelapolitica.com\/v1\/?p=2192"},"modified":"2023-03-21T08:36:41","modified_gmt":"2023-03-21T12:36:41","slug":"republica-dominicana-presenta-oferta-de-productos-exportables-en-la-feria-agriteq-2023-en-qatar","status":"publish","type":"post","link":"https:\/\/elmundodelapolitica.com\/v1\/republica-dominicana-presenta-oferta-de-productos-exportables-en-la-feria-agriteq-2023-en-qatar\/","title":{"rendered":"Rep\u00fablica Dominicana presenta oferta de productos exportables en la feria Agriteq 2023 en Qatar"},"content":{"rendered":"<div>\n<p>Doha, Qatar.- En el marco de la celebraci\u00f3n de la\u00a0<strong>Semana Dominicana en el estado de Qatar,\u00a0<\/strong>una delegaci\u00f3n del Centro de Exportaci\u00f3n e Inversi\u00f3n de la Rep\u00fablica Dominicana\u00a0<strong>(ProDominicana)<\/strong>\u00a0particip\u00f3 en la\u00a0<strong>Exposici\u00f3n Agr\u00edcola Internacional de Qatar AgriteQ<\/strong>, con el prop\u00f3sito de que los sectores de la agricultura dominicana intercambien\u00a0<strong>conocimientos<\/strong>\u00a0y aprovechen las\u00a0<strong>oportunidades comerciales<\/strong>\u00a0en este vital sector.<\/p>\n<p>En ese sentido, el embajador de la Rep\u00fablica Dominicana en Qatar<strong>, Georges Bahsa Hazim<\/strong>, inaugur\u00f3 junto al gerente de Exportaciones de ProDominicana,\u00a0<strong>Segismundo Morey,<\/strong>\u00a0y otros representantes, el\u00a0<strong>Pabell\u00f3n de Rep\u00fablica Dominicana<\/strong>\u00a0en la d\u00e9cima edici\u00f3n de AgriteQ (Qatar International Agricultural &amp; Environmental Exhibition 2023).\u00a0<\/p>\n<p><strong>Biviana Riveiro, directora ejecutiva de ProDominicana,<\/strong>\u00a0inform\u00f3 que el evento brind\u00f3 una oportunidad para que los productores del sector agropecuario dominicano reciban las<strong>\u00a0actualizaciones tecnol\u00f3gicas agr\u00edcolas del mercado<\/strong>, adem\u00e1s el conocimiento de\u00a0<strong>nuevos equipos y productos relacionados.<\/strong><\/p>\n<p><em>\u201cEste encuentro resulta ser clave para que nuestros productos y empresas se re\u00fanan con los tomadores de decisiones y adem\u00e1s les sirvi\u00f3 para obtener informaci\u00f3n valiosa, descubrir pr\u00e1cticas y al mismo tiempo aprender sobre la innovaci\u00f3n en t\u00e9cnicas agr\u00edcolas para lograr la seguridad alimentaria y el desarrollo sostenible de este sector en Rep\u00fablica Dominicana\u201d<\/em>, indic\u00f3 Riveiro.<\/p>\n<p>La delegaci\u00f3n destac\u00f3 que las oportunidades de exportaci\u00f3n hacia el mercado de Qatar se centran en el sector agr\u00edcola con la\u00a0<strong>exportaci\u00f3n de pl\u00e1tanos, aguacate y mangos<\/strong>. Adem\u00e1s, detall\u00f3 que los\u00a0<strong>sectores agroindustrial e industrial<\/strong>\u00a0tambi\u00e9n ofrecen oportunidades para exportar a dicho mercado.<\/p>\n<p>El evento cont\u00f3 con la participaci\u00f3n de empresarios de distintos sectores, ejecutivos, profesionales, acad\u00e9micos y autoridades gubernamentales que llevan a cabo una interesante agenda de reuniones privadas de alto nivel, as\u00ed como eventos donde se dan cita representantes diplom\u00e1ticos, funcionarios, empresarios locales y miembros de la comunidad dominicana en Qatar.<\/p>\n<p>Cabe destacar que, durante la ruta de la Semana Dominicana en Qatar, se realizaron\u00a0<strong>visitas estrat\u00e9gicas a los principales compradores y distribuidores de Qatar<\/strong>\u00a0como las instalaciones de Abu Khalifa, el centro de distribuci\u00f3n m\u00e1s grande de la regi\u00f3n. Tambi\u00e9n visitaron la planta de Baladna, f\u00e1brica m\u00e1s importante de productos l\u00e1cteos y jugos para toda la regi\u00f3n. Asimismo, Segismundo Morey, representante de ProDominicana, present\u00f3 la oferta exportable de la Rep\u00fablica Dominicana y sus\u00a0<strong>virtudes como principal destino de inversi\u00f3n del Caribe y Latinoam\u00e9rica.<\/strong><\/p>\n<p>Las empresas dominicanas que estuvieron presentes en la feria fueron: Landfruits SRL, Frutas Conenergias SRL, Casa DR, Grupo Bocel, INDUBAN, La Famosa, Caribbean Liquid Sugar, Macoco, Color Caf\u00e9, Maracuya Reposter\u00eda Artesanal, Heritage, Choco Organic, P&amp;P y Tropical Mix, KIKABONE. As\u00ed mismo, los compradores del Medio Oriente tuvieron la oportunidad de encontrar, en el pabell\u00f3n dominicano, pi\u00f1as, mangos, melones, pitajaya, aj\u00edes, limones, caf\u00e9, chocolates, y el cigarro dominicano, entre otros productos.<\/p>\n<p>De acuerdo con la\u00a0<strong>Autoridad de Planificaci\u00f3n de Estad\u00edsticas de Qata<\/strong>r, el intercambio comercial de Qatar y la Rep\u00fablica Dominicana para el per\u00edodo 2015-2022 fue de\u00a0<strong>USD 42.2 millones<\/strong>\u00a0y de estos el\u00a0<strong>96 %<\/strong>\u00a0corresponde a las exportaciones de productos hacia la referida naci\u00f3n.<\/p>\n<p>En ese sentido, entre los productos exportados hacia Qatar est\u00e1n: los instrumentos electr\u00f3nicos, con el 51 %; instrumentos m\u00e9dicos, 24.3%, y productos farmac\u00e9uticos, 4% de participaci\u00f3n, entre otros.<\/p>\n<\/div>\n","protected":false},"excerpt":{"rendered":"<p>Doha, Qatar.- En el marco de la celebraci\u00f3n de la\u00a0Semana Dominicana en el estado de Qatar,\u00a0una delegaci\u00f3n del Centro de Exportaci\u00f3n e Inversi\u00f3n de la Rep\u00fablica Dominicana\u00a0(ProDominicana)\u00a0particip\u00f3 en la\u00a0Exposici\u00f3n Agr\u00edcola&hellip; <\/p>\n","protected":false},"author":2,"featured_media":0,"comment_status":"closed","ping_status":"closed","sticky":false,"template":"","format":"standard","meta":{"fifu_image_url":"","fifu_image_alt":"","footnotes":""},"categories":[63],"tags":[],"class_list":["post-2192","post","type-post","status-publish","format-standard","hentry","category-actualidad"],"_links":{"self":[{"href":"https:\/\/elmundodelapolitica.com\/v1\/wp-json\/wp\/v2\/posts\/2192","targetHints":{"allow":["GET"]}}],"collection":[{"href":"https:\/\/elmundodelapolitica.com\/v1\/wp-json\/wp\/v2\/posts"}],"about":[{"href":"https:\/\/elmundodelapolitica.com\/v1\/wp-json\/wp\/v2\/types\/post"}],"author":[{"embeddable":true,"href":"https:\/\/elmundodelapolitica.com\/v1\/wp-json\/wp\/v2\/users\/2"}],"replies":[{"embeddable":true,"href":"https:\/\/elmundodelapolitica.com\/v1\/wp-json\/wp\/v2\/comments?post=2192"}],"version-history":[{"count":0,"href":"https:\/\/elmundodelapolitica.com\/v1\/wp-json\/wp\/v2\/posts\/2192\/revisions"}],"wp:attachment":[{"href":"https:\/\/elmundodelapolitica.com\/v1\/wp-json\/wp\/v2\/media?parent=2192"}],"wp:term":[{"taxonomy":"category","embeddable":true,"href":"https:\/\/elmundodelapolitica.com\/v1\/wp-json\/wp\/v2\/categories?post=2192"},{"taxonomy":"post_tag","embeddable":true,"href":"https:\/\/elmundodelapolitica.com\/v1\/wp-json\/wp\/v2\/tags?post=2192"}],"curies":[{"name":"wp","href":"https:\/\/api.w.org\/{rel}","templated":true}]}}