{"id":2190,"date":"2023-03-21T08:32:54","date_gmt":"2023-03-21T12:32:54","guid":{"rendered":"https:\/\/elmundodelapolitica.com\/v1\/?p=2190"},"modified":"2023-03-21T08:32:54","modified_gmt":"2023-03-21T12:32:54","slug":"fundacion-mir-inicia-construccion-de-caipi-en-la-romana","status":"publish","type":"post","link":"https:\/\/elmundodelapolitica.com\/v1\/fundacion-mir-inicia-construccion-de-caipi-en-la-romana\/","title":{"rendered":"Fundaci\u00f3n MIR inicia construcci\u00f3n de CAIPI en La Romana"},"content":{"rendered":"<div>\n<p>Altos de R\u00edo Dulce, La Romana.\u2013\u00a0<strong>La Fundaci\u00f3n MIR<\/strong>, el Instituto Nacional de Atenci\u00f3n Integral a la Primera Infancia\u00a0<strong>(INAIPI)<\/strong>\u00a0y el Gabinete de Ni\u00f1ez y Adolescencia\u00a0<strong>(GANA-RD)<\/strong>\u00a0dieron inicio a la construcci\u00f3n del\u00a0<strong>Centro de Atenci\u00f3n Integral a la Primera Infancia (CAIPI) comunitario,<\/strong>\u00a0para beneficiar a 100 ni\u00f1os y ni\u00f1as de esta comunidad.<\/p>\n<p><strong>La primera dama Raquel Arbaje<\/strong>, presidenta honor\u00edfica del GANA-RD, junto a\u00a0<strong>Besaida Manola Santana de B\u00e1ez<\/strong>, directora ejecutiva del INAIPI y las se\u00f1oras\u00a0<strong>Lian Fanjul y Lyanne Azqueta Fanjul<\/strong>, dieron el\u00a0<strong>primer palazo<\/strong>\u00a0para iniciar la edificaci\u00f3n del nuevo centro.<\/p>\n<p>El iniciado CAIPI comunitario estar\u00e1 ubicado\u00a0<strong>al lado del polit\u00e9cnico de La Fundaci\u00f3n MIR,<\/strong>\u00a0ubicado en esta comunidad de Altos de R\u00edo.<\/p>\n<p>La construcci\u00f3n del nuevo CAIPI comunitario, que en una primera etapa acoger\u00e1 a infantes de tres a cuatro a\u00f1os, se har\u00e1 gracias a un\u00a0<strong>convenio mediante el cual la Fundaci\u00f3n MIR podr\u00e1 ofrecer servicios a ni\u00f1os y ni\u00f1as bajo el modelo de atenci\u00f3n del INAIPI.<\/strong><\/p>\n<p><strong>Arbaje<\/strong>\u00a0<strong>agradeci\u00f3<\/strong>\u00a0a la Fundaci\u00f3n Mir por confiar en el Estado dominicano y por la\u00a0<strong>excelente labor que realiza en favor de los ni\u00f1os, ni\u00f1as y adolescentes<\/strong>.\u00a0<em>\u201cNos sentimos orgullosos de poder ser parte de esto y, a trav\u00e9s del INAIPI, llevar esperanza a cada familia de La Romana que ser\u00e1 beneficiada con esta obra\u201d<\/em>, agreg\u00f3.<\/p>\n<figure class=\"wp-block-image\"><img decoding=\"async\" src=\"https:\/\/i0.wp.com\/presidencia.gob.do\/sites\/default\/files\/content\/3_37.jpeg?w=1110&amp;ssl=1\" alt=\"\" data-recalc-dims=\"1\"><\/figure>\n<p>Asimismo,\u00a0<strong>Santana de B\u00e1ez<\/strong>, tras resaltar los aportes realizados por la Fundaci\u00f3n MIR al desarrollo de la educaci\u00f3n en La Romana, dijo que INAIPI apoyar\u00e1 el trabajo que desarrolla la organizaci\u00f3n sin fines de lucro\u00a0<strong>en favor de la primera infancia<\/strong>.<\/p>\n<p>En tanto que<strong>\u00a0Lian Fanjul<\/strong>\u00a0dijo que el primer palazo es el comienzo para seguir educando a los ni\u00f1os y las ni\u00f1as con el objetivo de\u00a0<strong>formar a los futuros hombres y mujeres de bien del pa\u00eds.<\/strong><\/p>\n<p>En el acto estuvieron presentes, adem\u00e1s, Sandra Hern\u00e1ndez, tesorera de la Junta de Directores de la Fundaci\u00f3n MIR, y Monique Acevedo, directora de las escuelas Fundaci\u00f3n MIR. Por el INAIPI asistieron Yanett Rodr\u00edguez, subdirectora de Gesti\u00f3n Institucional, y Yanina Torres, subdirectora de Gesti\u00f3n Operativa y Territorial; Juan Tom\u00e1s M\u00e9ndez, director de Operaciones, y Johanna El\u00edas, directora de Gesti\u00f3n de Redes de Servicios. Tambi\u00e9n estuvo Guillermo N\u00fa\u00f1ez, director regional del Distrito Educativo 05-03.<\/p>\n<p>El acto fue amenizado por una banda de m\u00fasica y un grupo de flautas dulces integrados por ni\u00f1os y adolescentes que estudian en la Fundaci\u00f3n MIR.<\/p>\n<figure class=\"wp-block-image\"><img decoding=\"async\" src=\"https:\/\/i0.wp.com\/presidencia.gob.do\/sites\/default\/files\/content\/5_3.jpeg?w=1110&amp;ssl=1\" alt=\"\" data-recalc-dims=\"1\"><\/figure>\n<p><strong>Recorren Campo Nueva Esperanza<\/strong><\/p>\n<p>Luego del primer palazo, Raquel Arbaje y Santana de B\u00e1ez acompa\u00f1aron a la se\u00f1ora Lian Fanjul y su hija Lyanne Azqueta Fanjul al\u00a0<strong>Campo Nueva Esperanza<\/strong>, donde operan\u00a0<strong>un polit\u00e9cnico y las escuelas de educaci\u00f3n inicial\u00a0<\/strong>de la Fundaci\u00f3n MIR, ubicados en La Luisa.<\/p>\n<p>La primera dama y Santana de B\u00e1ez recorrieron las instalaciones y\u00a0<strong>compartieron con ni\u00f1os y ni\u00f1as y docentes.<\/strong><\/p>\n<\/div>\n","protected":false},"excerpt":{"rendered":"<p>Altos de R\u00edo Dulce, La Romana.\u2013\u00a0La Fundaci\u00f3n MIR, el Instituto Nacional de Atenci\u00f3n Integral a la Primera Infancia\u00a0(INAIPI)\u00a0y el Gabinete de Ni\u00f1ez y Adolescencia\u00a0(GANA-RD)\u00a0dieron inicio a la construcci\u00f3n del\u00a0Centro de&hellip; <\/p>\n","protected":false},"author":2,"featured_media":2191,"comment_status":"closed","ping_status":"closed","sticky":false,"template":"","format":"standard","meta":{"fifu_image_url":"https:\/\/i0.wp.com\/presidencia.gob.do\/sites\/default\/files\/content\/3_37.jpeg?w=1110&ssl=1","fifu_image_alt":"Fundaci\u00f3n MIR inicia construcci\u00f3n de CAIPI en La Romana","footnotes":""},"categories":[63],"tags":[],"class_list":["post-2190","post","type-post","status-publish","format-standard","has-post-thumbnail","hentry","category-actualidad"],"_links":{"self":[{"href":"https:\/\/elmundodelapolitica.com\/v1\/wp-json\/wp\/v2\/posts\/2190","targetHints":{"allow":["GET"]}}],"collection":[{"href":"https:\/\/elmundodelapolitica.com\/v1\/wp-json\/wp\/v2\/posts"}],"about":[{"href":"https:\/\/elmundodelapolitica.com\/v1\/wp-json\/wp\/v2\/types\/post"}],"author":[{"embeddable":true,"href":"https:\/\/elmundodelapolitica.com\/v1\/wp-json\/wp\/v2\/users\/2"}],"replies":[{"embeddable":true,"href":"https:\/\/elmundodelapolitica.com\/v1\/wp-json\/wp\/v2\/comments?post=2190"}],"version-history":[{"count":0,"href":"https:\/\/elmundodelapolitica.com\/v1\/wp-json\/wp\/v2\/posts\/2190\/revisions"}],"wp:featuredmedia":[{"embeddable":true,"href":"https:\/\/elmundodelapolitica.com\/v1\/wp-json\/wp\/v2\/media\/2191"}],"wp:attachment":[{"href":"https:\/\/elmundodelapolitica.com\/v1\/wp-json\/wp\/v2\/media?parent=2190"}],"wp:term":[{"taxonomy":"category","embeddable":true,"href":"https:\/\/elmundodelapolitica.com\/v1\/wp-json\/wp\/v2\/categories?post=2190"},{"taxonomy":"post_tag","embeddable":true,"href":"https:\/\/elmundodelapolitica.com\/v1\/wp-json\/wp\/v2\/tags?post=2190"}],"curies":[{"name":"wp","href":"https:\/\/api.w.org\/{rel}","templated":true}]}}