{"id":219,"date":"2022-04-19T01:26:58","date_gmt":"2022-04-19T05:26:58","guid":{"rendered":"http:\/\/www.elmundodelapolitica.com\/v2\/?p=25269"},"modified":"2022-09-26T11:50:33","modified_gmt":"2022-09-26T15:50:33","slug":"articulo-la-delacion-una-herramienta-del-terror","status":"publish","type":"post","link":"https:\/\/elmundodelapolitica.com\/v1\/articulo-la-delacion-una-herramienta-del-terror\/","title":{"rendered":"ARTICULO: La delaci\u00f3n una herramienta del terror"},"content":{"rendered":"\n<p>Igor Simarnov, su esposa Tania, su hijo Mijhail y las dos hijas Tania e Ivanova, se hab\u00edan sentado a la mesa; aquel a\u00f1o de 1934 las cosechas no hab\u00edan sido abundantes y la comida escaseaba; por eso la cena consist\u00eda en nabos hervidos con unos pocos trozos de cerdo salado. Hac\u00eda ya m\u00e1s de una semana que el muchacho de 11 a\u00f1os manten\u00eda una actitud taciturna y esquivaba la vista de sus padres, quienes hab\u00edan platicado al respecto.<\/p>\n\n\n\n<p>Igor, quien ense\u00f1aba f\u00edsica en la Universidad de Mosc\u00fa, hab\u00eda comentado a su esposa un peque\u00f1o incidente ocurrido hac\u00eda dos semanas: les hab\u00edan cortado presupuesto en la Universidad para la investigaci\u00f3n y todo se retras\u00f3; el d\u00eda que le avisaron que tendr\u00eda que limitar su actividad, se hab\u00eda molestado y lleg\u00f3 en ese estado a su casa.<\/p>\n\n\n\n<p>Esa tarde la esposa y las dos hijas estaban fuera y se encontraban solos el y su hijo de 11 a\u00f1os sentados en la mesa de la cocina, dedicados a sus actividades. Igor, molesto, hab\u00eda criticado al gobierno; su hijo qued\u00f3 callado, pero unos d\u00edas despu\u00e9s su actitud de actividad alegre propia de su edad, hab\u00eda cambiado.<\/p>\n\n\n\n<p>El sistema educativo en la Rusia de Stalin ten\u00eda una principal meta: ense\u00f1ar a los j\u00f3venes las bondades del sistema sovi\u00e9tico. Todo era producto de la evoluci\u00f3n dial\u00e9ctica en la que la tesis era la burgues\u00eda, la ant\u00edtesis el proletariado y el resultado de ese choque, la s\u00edntesis, era el Soviet, la organizaci\u00f3n de la sociedad en c\u00e9lulas conformadas por campesinos y obreros y la posesi\u00f3n de los medios de producci\u00f3n por el Estado.<\/p>\n\n\n\n<p>Se ense\u00f1aba que el Soviet era la m\u00e1xima evoluci\u00f3n que la sociedad ten\u00eda hasta ese momento y nada pod\u00eda estar sobre la lealtad al r\u00e9gimen, ni las creencias religiosas ni los lazos familiares. Los enemigos del Soviet deb\u00edan ser denunciados y eliminados.<\/p>\n\n\n\n<p>Esa era la idea que se introduc\u00eda en la mente de los j\u00f3venes en aquella sociedad donde el terror era la constante en la vida de todos los d\u00edas. Mijahil hab\u00eda sido leal al sistema y hab\u00eda dicho a las autoridades lo que su padre hab\u00eda expresado.<\/p>\n\n\n\n<p>Cuando empezaban a cenar, golpearon fuertemente la puerta y ordenaron abrir; los ojos de esposa e hijas se fijaron en los del padre quien emiti\u00f3 una se\u00f1al de miedo y tristeza; Mijhail observaba el suelo con un gesto de culpabilidad y arrepentimiento.<\/p>\n\n\n\n<p>Luego de esa noche, no volvieron a saber m\u00e1s de Igor.<\/p>\n\n\n\n<p>Se le conoce como \u201cdelaci\u00f3n\u201d es una herramienta utilizada por los reg\u00edmenes totalitarios para acabar la inconformidad que pudiera existir. En la antig\u00fcedad era constantemente usada y en la \u00e9poca moderna, la Espa\u00f1a Franquista, la Alemania Nazi, la URSS y Corea del Norte, entre otros, la han utilizado, a pesar del derecho natural que toda persona tiene de conocer quien, y porque se le acusa, para poder defenderse; eso no vale para esos sistemas, la simple sospecha es suficiente para eliminar a los elementos que se consideran nocivos para la preservaci\u00f3n del poder.<\/p>\n\n\n\n<p>El presidente mexicano L\u00f3pez O., de lunes a viernes realiza una pl\u00e1tica con periodistas cuyo ingreso al evento es controlado y en esos eventos suele quejarse de las cr\u00edticas a su gobierno que brotan en los medios.<\/p>\n\n\n\n<p>Uno de los comunicadores mas cr\u00edticos es el periodista Carlos Loret de Mola, quien ha exhibido temas de corrupci\u00f3n fuertes que han surgido y que el presidente trata de minimizar diciendo que son ataques de sus enemigos, pero el 11 de febrero y el 7 de abril, el presidente exhibi\u00f3 informaci\u00f3n confidencial sobre Loret, haciendo referencia a los ingresos que percibe en su actuar profesional y sus supuestas propiedades, informaci\u00f3n que se encuentra protegida por la ley.<\/p>\n\n\n\n<p>La periodista Carmen Aristegui ha dado a conocer una&nbsp;<a href=\"https:\/\/aristeguinoticias.com\/0704\/mexico\/asi-llego-a-presidencia-la-informacion-que-presento-amlo-sobre-carlos-loret-de-mola\/?utm_source=aimtell&amp;utm_medium=push&amp;utm_campaign=campaign-2091\">situaci\u00f3n delicada<\/a>: se hizo una solicitud a la presidencia para que transparentase de donde surgi\u00f3 la informaci\u00f3n sobre Loret de Mola y la respuesta es sorprendente: La Direcci\u00f3n General de Atenci\u00f3n Ciudadana de la presidencia refiri\u00f3 que \u201cen d\u00edas pasados\u201d una persona se hab\u00eda presentado en esa oficina, mencionando que llevaba informaci\u00f3n, que quer\u00eda entregarle de propia mano al presidente; se le hizo saber que esa dependencia era el conducto adecuado para hacer llegar esa informaci\u00f3n, por lo que ese individuo, cuya identidad no se constat\u00f3, entreg\u00f3 un sobre que conten\u00eda la informaci\u00f3n que el presidente ha exhibido sobre el periodista.<\/p>\n\n\n\n<p>\u00bfQu\u00e9 opina mi estimado lector sobre el hecho que un sujeto pueda entrar a la residencia del presidente sin identificarse y permanecer ah\u00ed en forma an\u00f3nima, ser atendido, recibirle informaci\u00f3n y que la persona que ostenta el cargo de presidente de M\u00e9xico haya considerado v\u00e1lida esa informaci\u00f3n, sin conocer su origen o verificar su veracidad, pero si suficiente para atacar la imagen de un periodista?<\/p>\n\n\n\n<p>La delaci\u00f3n o denuncia an\u00f3nima sin pruebas, como antes mencion\u00e9, es algo propio de los sistemas autoritarios que se imponen a trav\u00e9s del terror.<\/p>\n\n\n\n<p>Parece ser que ese es el camino que lleva nuestro querido M\u00e9xico.<\/p>\n\n\n\n<h4 class=\"wp-block-heading\">&nbsp;M\u00fcller Creel<\/h4>\n\n\n\n<p>Oscar M\u00fcller es Doctor en Derecho y tiene el grado de Maestro en Administraci\u00f3n de Justicia y candidato a maestro en periodismo. Es originario de la ciudad de Chihuahua, M\u00e9xico. Es colaborador en&nbsp;Radio Claret Am\u00e9rica&nbsp;de &nbsp;Chicago Illinois, en temas de Derechos Humanos y Administraci\u00f3n de Justicia y sus columnas de opini\u00f3n se han publicado en el peri\u00f3dico&nbsp;Hoy&nbsp;del grupo&nbsp;Tribune Publishing Company&nbsp;de Chicago Illinois EUA, la cadena noticiosa Hispanic Digital Network de CISION, as\u00ed como en el&nbsp;Heraldo de Chihuahua del grupo Organizaci\u00f3n Editorial Mexicana. Ha escrito libros sobre Derechos Humanos y \u00c9tica del Abogado, as\u00ed como art\u00edculos cient\u00edficos en Universidades de M\u00e9xico, Colombia y Espa\u00f1a. Correo:&nbsp;mullerod@hotmail.com<\/p>\n\n\n\n<p>Correo:&nbsp;<a href=\"mailto:mullerod@hotmail.com\">mullerod@hotmail.com<\/a><\/p>\n","protected":false},"excerpt":{"rendered":"<p>Igor Simarnov, su esposa Tania, su hijo Mijhail y las dos hijas Tania e Ivanova, se hab\u00edan sentado a la mesa; aquel a\u00f1o de 1934 las cosechas no hab\u00edan sido&hellip; <\/p>\n","protected":false},"author":2,"featured_media":220,"comment_status":"closed","ping_status":"open","sticky":false,"template":"","format":"standard","meta":{"fifu_image_url":"","fifu_image_alt":"","footnotes":""},"categories":[4,17],"tags":[],"class_list":["post-219","post","type-post","status-publish","format-standard","has-post-thumbnail","hentry","category-articulo","category-politica"],"_links":{"self":[{"href":"https:\/\/elmundodelapolitica.com\/v1\/wp-json\/wp\/v2\/posts\/219","targetHints":{"allow":["GET"]}}],"collection":[{"href":"https:\/\/elmundodelapolitica.com\/v1\/wp-json\/wp\/v2\/posts"}],"about":[{"href":"https:\/\/elmundodelapolitica.com\/v1\/wp-json\/wp\/v2\/types\/post"}],"author":[{"embeddable":true,"href":"https:\/\/elmundodelapolitica.com\/v1\/wp-json\/wp\/v2\/users\/2"}],"replies":[{"embeddable":true,"href":"https:\/\/elmundodelapolitica.com\/v1\/wp-json\/wp\/v2\/comments?post=219"}],"version-history":[{"count":1,"href":"https:\/\/elmundodelapolitica.com\/v1\/wp-json\/wp\/v2\/posts\/219\/revisions"}],"predecessor-version":[{"id":487,"href":"https:\/\/elmundodelapolitica.com\/v1\/wp-json\/wp\/v2\/posts\/219\/revisions\/487"}],"wp:featuredmedia":[{"embeddable":true,"href":"https:\/\/elmundodelapolitica.com\/v1\/wp-json\/wp\/v2\/media\/220"}],"wp:attachment":[{"href":"https:\/\/elmundodelapolitica.com\/v1\/wp-json\/wp\/v2\/media?parent=219"}],"wp:term":[{"taxonomy":"category","embeddable":true,"href":"https:\/\/elmundodelapolitica.com\/v1\/wp-json\/wp\/v2\/categories?post=219"},{"taxonomy":"post_tag","embeddable":true,"href":"https:\/\/elmundodelapolitica.com\/v1\/wp-json\/wp\/v2\/tags?post=219"}],"curies":[{"name":"wp","href":"https:\/\/api.w.org\/{rel}","templated":true}]}}