{"id":217,"date":"2022-04-26T00:06:07","date_gmt":"2022-04-26T04:06:07","guid":{"rendered":"http:\/\/www.elmundodelapolitica.com\/v2\/?p=25273"},"modified":"2022-04-26T00:06:07","modified_gmt":"2022-04-26T04:06:07","slug":"fernandez-viaja-a-chicago-donde-compartira-con-expresidentes-latinoamerica","status":"publish","type":"post","link":"https:\/\/elmundodelapolitica.com\/v1\/fernandez-viaja-a-chicago-donde-compartira-con-expresidentes-latinoamerica\/","title":{"rendered":"Fern\u00e1ndez viaja a Chicago donde compartir\u00e1 con expresidentes latinoamerica"},"content":{"rendered":"\n<p><strong>Miami<\/strong>, FL. Abril 20, 2022.- Luego de una amplia agenda de trabajo en el Estado de la Florida, el presidente de la Fuerza del Pueblo, Leonel Fern\u00e1ndez, viaja este mi\u00e9rcoles a Chicago, donde se encontrar\u00e1 con varios expresidentes latinoamericanos.<\/p>\n\n\n\n<p>Durante el mi\u00e9rcoles 20, jueves 21 y viernes 22, Fern\u00e1ndez realizar\u00e1 diversas actividades en Chicago, entre las que se incluye un encuentro con los expresidentes Ricardo Lagos de Chile, Laura Chinchilla de Costa Rica, y Ernesto Zedillo de M\u00e9xico.<br><br>Durante su visita a la ciudad de los Bulls, Fern\u00e1ndez, har\u00e1 una visita de cortes\u00eda al gobernador del Estado de Illinois, J.B. Pritzker y tambi\u00e9n ser\u00e1 recibido por la alcaldesa de la ciudad de Chicago, Hon. Lori Lighfoot.<\/p>\n\n\n\n<p>Adem\u00e1s, el presidente de FP se reunir\u00e1 con estudiantes y egresados de la Escuela de Pol\u00edticas P\u00fablicas Harris de la Universidad de Chicago.<\/p>\n\n\n\n<p>El ex mandatario sostendr\u00e1 un encuentro con Raj Echembadi, presidente del Instituto de Tecnolog\u00eda de Illinois (IIT), y participar\u00e1 de la conferencia Democracy and Economic Development in Latin America.<\/p>\n","protected":false},"excerpt":{"rendered":"<p>Miami, FL. Abril 20, 2022.- Luego de una amplia agenda de trabajo en el Estado de la Florida, el presidente de la Fuerza del Pueblo, Leonel Fern\u00e1ndez, viaja este mi\u00e9rcoles&hellip; <\/p>\n","protected":false},"author":2,"featured_media":218,"comment_status":"closed","ping_status":"open","sticky":false,"template":"","format":"standard","meta":{"fifu_image_url":"","fifu_image_alt":"","footnotes":""},"categories":[17],"tags":[],"class_list":["post-217","post","type-post","status-publish","format-standard","has-post-thumbnail","hentry","category-politica"],"_links":{"self":[{"href":"https:\/\/elmundodelapolitica.com\/v1\/wp-json\/wp\/v2\/posts\/217","targetHints":{"allow":["GET"]}}],"collection":[{"href":"https:\/\/elmundodelapolitica.com\/v1\/wp-json\/wp\/v2\/posts"}],"about":[{"href":"https:\/\/elmundodelapolitica.com\/v1\/wp-json\/wp\/v2\/types\/post"}],"author":[{"embeddable":true,"href":"https:\/\/elmundodelapolitica.com\/v1\/wp-json\/wp\/v2\/users\/2"}],"replies":[{"embeddable":true,"href":"https:\/\/elmundodelapolitica.com\/v1\/wp-json\/wp\/v2\/comments?post=217"}],"version-history":[{"count":0,"href":"https:\/\/elmundodelapolitica.com\/v1\/wp-json\/wp\/v2\/posts\/217\/revisions"}],"wp:featuredmedia":[{"embeddable":true,"href":"https:\/\/elmundodelapolitica.com\/v1\/wp-json\/wp\/v2\/media\/218"}],"wp:attachment":[{"href":"https:\/\/elmundodelapolitica.com\/v1\/wp-json\/wp\/v2\/media?parent=217"}],"wp:term":[{"taxonomy":"category","embeddable":true,"href":"https:\/\/elmundodelapolitica.com\/v1\/wp-json\/wp\/v2\/categories?post=217"},{"taxonomy":"post_tag","embeddable":true,"href":"https:\/\/elmundodelapolitica.com\/v1\/wp-json\/wp\/v2\/tags?post=217"}],"curies":[{"name":"wp","href":"https:\/\/api.w.org\/{rel}","templated":true}]}}