{"id":2167,"date":"2023-03-19T22:39:52","date_gmt":"2023-03-20T02:39:52","guid":{"rendered":"https:\/\/elmundodelapolitica.com\/v1\/?p=2167"},"modified":"2023-03-19T22:48:05","modified_gmt":"2023-03-20T02:48:05","slug":"mujeres-realizan-marcha-por-el-alto-costo-de-la-vida-y-la-inseguridad","status":"publish","type":"post","link":"https:\/\/elmundodelapolitica.com\/v1\/mujeres-realizan-marcha-por-el-alto-costo-de-la-vida-y-la-inseguridad\/","title":{"rendered":"Mujeres realizan \u00abmarcha por el alto costo de la vida y la inseguridad\u00bb"},"content":{"rendered":"\n<p><strong>Santo Domingo, RD.&nbsp;<\/strong>-En reclamo de que el gobierno enfrente con responsabilidad el alto costo de la vida miles de mujeres del partido Fuerza del Pueblo realizaron una marcha c\u00edvica desde el Parque Enriquillo hasta el Parque Independencia.<\/p>\n\n\n\n<p>Con esta caminata las mujeres pueblistas le hacen saber al presidente\u00a0Luis Abinader\u00a0que los altos precios de los productos de la canasta familiar, no hay qui\u00e9n los soporte.<\/p>\n\n\n\n<p>Durante todo el trayecto,\u00a0se lanzaron gritos de desesperaci\u00f3n, donde manifestaron estar cansadas de la inseguridad reinante en el pa\u00eds. Aseguraron que no se sienten seguras ni en sus propias casas, y mucho menos cuando salen a las calles.<\/p>\n\n\n\n<p>Algunas mujeres resaltaron que quienes tienen sus peque\u00f1os negocios, como salones de belleza o tiendas de venta de art\u00edculos diversos, sienten gran temor, por lo que, muchas veces se quedan a dormir en ellos.<\/p>\n\n\n\n<blockquote class=\"wp-block-quote is-layout-flow wp-block-quote-is-layout-flow\">\n<p><em>Las mujeres del pa\u00eds, y la poblaci\u00f3n en sentido general, nos sentimos con un alto grado de inseguridad e incertidumbre por el clima de inseguridad reinante en el pa\u00eds, y lo peor de todo, es la incompetencia de las autoridades para enfrentar esta situaci\u00f3n<\/em>.<em>Angie Brooks, titular de la Secretar\u00eda de la Mujer de la Fuerza del Pueblo<\/em><\/p>\n<\/blockquote>\n\n\n\n<p>El objetivo principal de esta marcha es llamar la atenci\u00f3n del gobierno sobre los problemas econ\u00f3micos y de seguridad que aquejan al pa\u00eds. Las manifestantes exigieron un compromiso serio y responsable por parte de las autoridades para enfrentar la dif\u00edcil situaci\u00f3n que atraviesa la poblaci\u00f3n.<\/p>\n\n\n\n<h3 class=\"wp-block-heading\" id=\"h-presidente-de-la-fuerza-del-pueblo\">Presidente de la Fuerza del Pueblo<\/h3>\n\n\n\n<p>Leonel Fern\u00e1ndez\u00a0presidente de la Fuerza del Pueblo y su secretario general\u00a0Antonio Flori\u00e1n\u00a0estuvieron presentes en la actividad, en la cual se pudieron observar carteles y pancartas con mensajes como: si baj\u00f3 el petr\u00f3leo bajen el gas; y qui\u00e9n ha visto 2 panes en 15 pesos; el\u00a0combustible\u00a0est\u00e1 muy caro no puedo usar mi carro, entre otros.<\/p>\n\n\n\n<p>Fern\u00e1ndez se dirigi\u00f3 a los presentes y valor\u00f3 como un acontecimiento hist\u00f3rico la marcha en el marco del llamado Mes de la Mujer y el d\u00eda en que se sell\u00f3 la independencia dominicana. Manifest\u00f3 que el actual gobierno adormece a la poblaci\u00f3n con propaganda la cual da a entender el pa\u00eds es un ejemplo de bienestar y progreso \u201ccuando sabemos el pueblo pasa hambre debido al alto costo de la vida\u201d.<\/p>\n","protected":false},"excerpt":{"rendered":"<p>Santo Domingo, RD.&nbsp;-En reclamo de que el gobierno enfrente con responsabilidad el alto costo de la vida miles de mujeres del partido Fuerza del Pueblo realizaron una marcha c\u00edvica desde&hellip; <\/p>\n","protected":false},"author":2,"featured_media":2173,"comment_status":"closed","ping_status":"closed","sticky":false,"template":"","format":"standard","meta":{"fifu_image_url":"","fifu_image_alt":"","footnotes":""},"categories":[63],"tags":[],"class_list":["post-2167","post","type-post","status-publish","format-standard","has-post-thumbnail","hentry","category-actualidad"],"_links":{"self":[{"href":"https:\/\/elmundodelapolitica.com\/v1\/wp-json\/wp\/v2\/posts\/2167","targetHints":{"allow":["GET"]}}],"collection":[{"href":"https:\/\/elmundodelapolitica.com\/v1\/wp-json\/wp\/v2\/posts"}],"about":[{"href":"https:\/\/elmundodelapolitica.com\/v1\/wp-json\/wp\/v2\/types\/post"}],"author":[{"embeddable":true,"href":"https:\/\/elmundodelapolitica.com\/v1\/wp-json\/wp\/v2\/users\/2"}],"replies":[{"embeddable":true,"href":"https:\/\/elmundodelapolitica.com\/v1\/wp-json\/wp\/v2\/comments?post=2167"}],"version-history":[{"count":1,"href":"https:\/\/elmundodelapolitica.com\/v1\/wp-json\/wp\/v2\/posts\/2167\/revisions"}],"predecessor-version":[{"id":2176,"href":"https:\/\/elmundodelapolitica.com\/v1\/wp-json\/wp\/v2\/posts\/2167\/revisions\/2176"}],"wp:featuredmedia":[{"embeddable":true,"href":"https:\/\/elmundodelapolitica.com\/v1\/wp-json\/wp\/v2\/media\/2173"}],"wp:attachment":[{"href":"https:\/\/elmundodelapolitica.com\/v1\/wp-json\/wp\/v2\/media?parent=2167"}],"wp:term":[{"taxonomy":"category","embeddable":true,"href":"https:\/\/elmundodelapolitica.com\/v1\/wp-json\/wp\/v2\/categories?post=2167"},{"taxonomy":"post_tag","embeddable":true,"href":"https:\/\/elmundodelapolitica.com\/v1\/wp-json\/wp\/v2\/tags?post=2167"}],"curies":[{"name":"wp","href":"https:\/\/api.w.org\/{rel}","templated":true}]}}