{"id":2165,"date":"2023-03-19T22:39:52","date_gmt":"2023-03-20T02:39:52","guid":{"rendered":"https:\/\/elmundodelapolitica.com\/v1\/?p=2165"},"modified":"2023-03-19T22:49:02","modified_gmt":"2023-03-20T02:49:02","slug":"ito-bisono-juramenta-a-miles-de-dirigentes-el-el-prm","status":"publish","type":"post","link":"https:\/\/elmundodelapolitica.com\/v1\/ito-bisono-juramenta-a-miles-de-dirigentes-el-el-prm\/","title":{"rendered":"Ito Bison\u00f3 juramenta a miles de dirigentes el el PRM"},"content":{"rendered":"\n<p>El dirigente pol\u00edtico y miembro de la Direcci\u00f3n Ejecutiva del Partido Revolucionario Moderno, (PRM), V\u00edctor, -Ito- Bison\u00f3, jurament\u00f3 este domingo&nbsp;<strong>20 mil nuevos miembros<\/strong>&nbsp;que se unen a la organizaci\u00f3n.<\/p>\n\n\n\n<p>Durante un acto desarrollado en el pabell\u00f3n de Combate del Centro Ol\u00edmpico, decenas de personas de distintas partes del pa\u00eds acudieron a favor de la<strong>&nbsp;reelecci\u00f3n del presidente<\/strong>&nbsp;Luis Abinader en \u201cprimera vuelta\u201d.<\/p>\n\n\n\n<p>Bison\u00f3, quien funge como ministro de Industria, Comercio y Mipymes asegur\u00f3 que estos nuevos miembros \u201casumir\u00e1n este proyecto con valores \u00e9ticos, morales y patri\u00f3ticos\u201d.<\/p>\n\n\n\n<p>\u201cEste equipo ha dado s\u00f3lida muestra de que no se acomoda, ni descansa y que trabaja en procura de materializar lo que se est\u00e1 oyendo con fe e insistencia de la mayor\u00eda de los dominicanos, que desde ya repiten en las calles y en cada rinc\u00f3n del pa\u00eds que Abinader vuelve y vuelve, con la consigna de&nbsp;<strong>4 a\u00f1os m\u00e1s<\/strong>\u201d, expres\u00f3 ante la multitud.<\/p>\n\n\n\n<p>Indic\u00f3 que las comisiones representativas de su&nbsp;<strong>equipo pol\u00edtico<\/strong>&nbsp;se han ido insert\u00e1ndose voluntariamente en los trabajos para el crecimiento y fortalecimiento del partido.<\/p>\n\n\n\n<p>\u201cComo muestra de ello, hago formal entrega de las primeras 20,000 inscripciones de nuevos miembros a nuestro partido\u201d, dijo.<\/p>\n\n\n\n<p><strong>Sobre la oposici\u00f3n<\/strong><\/p>\n\n\n\n<p>Adem\u00e1s, durante su discurso dijo que \u201cla&nbsp;<strong>oposici\u00f3n<\/strong>&nbsp;no vuelve en ninguna de sus versiones\u201d.<\/p>\n\n\n\n<p>\u201cLo que hacemos es seguir marchando hacia delante, hacia el porvenir, materializando el futuro promisorio de la Rep\u00fablica Dominicana, que tiene un solo nombre Partido Revolucionario Moderno con el presidente Luis Abinader\u201d, sostuvo.<\/p>\n\n\n\n<p>Jos\u00e9 Ignacio Paliza tambi\u00e9n particip\u00f3 en el acto y destac\u00f3 \u201cque desde&nbsp; su integraci\u00f3n al partido ha trabajado por el fortalecimiento de la organizaci\u00f3n\u201d lo que certifica que fue una buena decisi\u00f3n la de integrarlo a las filas del partido blanco.<\/p>\n\n\n\n<p><strong>ALIANZA GANADORA<\/strong><\/p>\n\n\n\n<p>En el 2020 Ito Bison\u00f3 recorri\u00f3 el pa\u00eds y sum\u00f3 a su dirigencia nacional aportando de esa manera, al contundente triunfo de Abinader en primera vuelta.&nbsp; Aseguran que esta no es una alianza temporal, sino la creaci\u00f3n de una mayor\u00eda nueva y duradera, hecha con principios, con plena identidad.<\/p>\n\n\n\n<p>Al evento asistieron, adem\u00e1s de los representantes provinciales del equipo pol\u00edtico de Bison\u00f3 de las principales regiones del pa\u00eds, los miembros de la direcci\u00f3n ejecutiva del partido, Eduardo Sanz Lobat\u00f3n, Alfredo Pacheco, Gloria Reyes, Nelson Arroyo, Alberto Atalah, entre otros, como comisiones de diputados, comerciantes, ganaderos y de otros partidos pol\u00edticos.<\/p>\n\n\n\n<p>Adem\u00e1s de Paliza e Ito Bisono tambi\u00e9n hablaron Sanz Lobat\u00f3n, y los coordinadores regionales del proyecto pol\u00edtico de Ito Bison\u00f3, V\u00edctor Garc\u00eda Sued, Miguel Laureano, Cristian Taveras, Mar\u00eda Teresa M\u00e9ndez y Sim\u00f3n Terrero, en representaci\u00f3n de las regiones Este, Noroeste, Distrito Nacional y el Sur.<\/p>\n","protected":false},"excerpt":{"rendered":"<p>El dirigente pol\u00edtico y miembro de la Direcci\u00f3n Ejecutiva del Partido Revolucionario Moderno, (PRM), V\u00edctor, -Ito- Bison\u00f3, jurament\u00f3 este domingo&nbsp;20 mil nuevos miembros&nbsp;que se unen a la organizaci\u00f3n. Durante un&hellip; <\/p>\n","protected":false},"author":2,"featured_media":2170,"comment_status":"closed","ping_status":"closed","sticky":false,"template":"","format":"standard","meta":{"fifu_image_url":"","fifu_image_alt":"","footnotes":""},"categories":[10],"tags":[],"class_list":["post-2165","post","type-post","status-publish","format-standard","has-post-thumbnail","hentry","category-marketing-politico"],"_links":{"self":[{"href":"https:\/\/elmundodelapolitica.com\/v1\/wp-json\/wp\/v2\/posts\/2165","targetHints":{"allow":["GET"]}}],"collection":[{"href":"https:\/\/elmundodelapolitica.com\/v1\/wp-json\/wp\/v2\/posts"}],"about":[{"href":"https:\/\/elmundodelapolitica.com\/v1\/wp-json\/wp\/v2\/types\/post"}],"author":[{"embeddable":true,"href":"https:\/\/elmundodelapolitica.com\/v1\/wp-json\/wp\/v2\/users\/2"}],"replies":[{"embeddable":true,"href":"https:\/\/elmundodelapolitica.com\/v1\/wp-json\/wp\/v2\/comments?post=2165"}],"version-history":[{"count":1,"href":"https:\/\/elmundodelapolitica.com\/v1\/wp-json\/wp\/v2\/posts\/2165\/revisions"}],"predecessor-version":[{"id":2177,"href":"https:\/\/elmundodelapolitica.com\/v1\/wp-json\/wp\/v2\/posts\/2165\/revisions\/2177"}],"wp:featuredmedia":[{"embeddable":true,"href":"https:\/\/elmundodelapolitica.com\/v1\/wp-json\/wp\/v2\/media\/2170"}],"wp:attachment":[{"href":"https:\/\/elmundodelapolitica.com\/v1\/wp-json\/wp\/v2\/media?parent=2165"}],"wp:term":[{"taxonomy":"category","embeddable":true,"href":"https:\/\/elmundodelapolitica.com\/v1\/wp-json\/wp\/v2\/categories?post=2165"},{"taxonomy":"post_tag","embeddable":true,"href":"https:\/\/elmundodelapolitica.com\/v1\/wp-json\/wp\/v2\/tags?post=2165"}],"curies":[{"name":"wp","href":"https:\/\/api.w.org\/{rel}","templated":true}]}}