{"id":2145,"date":"2023-03-19T17:23:59","date_gmt":"2023-03-19T21:23:59","guid":{"rendered":"https:\/\/elmundodelapolitica.com\/v1\/?p=2145"},"modified":"2023-03-19T17:24:01","modified_gmt":"2023-03-19T21:24:01","slug":"experta-trata-en-pucmm-sobre-ley-memoria-democratica","status":"publish","type":"post","link":"https:\/\/elmundodelapolitica.com\/v1\/experta-trata-en-pucmm-sobre-ley-memoria-democratica\/","title":{"rendered":"Experta trata en PUCMM sobre Ley Memoria Democr\u00e1tica"},"content":{"rendered":"\n<p>Santiago, R.D.- La Escuela de Derecho de la Pontificia Universidad Cat\u00f3lica Madre y Maestra en alianza con la abogada de extranjer\u00eda, M\u00e1chelin D\u00edaz, presentaron la conferencia magistral \u201cLey de Memoria Democr\u00e1tica\u201d, con el prop\u00f3sito de orientar a descendientes de espa\u00f1oles radicados en diferentes partes del mundo, cuyos padres o abuelos perdieron o renunciaron a su nacionalidad como consecuencia de la Guerra Civil Espa\u00f1ola, el franquismo y la \u00e9poca de la transici\u00f3n.<\/p>\n\n\n\n<p>El profesor Edwin Rafael Espinal, director de la escuela de Derecho, afirm\u00f3 que esta actividad se realiza para presentar \u201clas bondades de la ley, que viene a saldar las deudas que Espa\u00f1a tiene con su pasado m\u00e1s reciente y que fomenta la cohesi\u00f3n y solidaridad entre las diversas generaciones entorno a los principios, valores y libertades constitucionales\u201d.<\/p>\n\n\n\n<p>M\u00e1chelin D\u00edaz, es abogada dominicana radicada en Espa\u00f1a, especializada en derecho de extranjer\u00eda. Estudi\u00f3 una maestr\u00eda en An\u00e1lisis Econ\u00f3mico del Derecho y las Pol\u00edticas P\u00fablicas en la Universidad de Salamanca y Curso Superior en Desarrollo y Perfeccionamiento Directivo en el Centro de Estudios Financieros.<\/p>\n\n\n\n<p>Actualmente est\u00e1 desarrollando la Ruta Nacional\u00edzate en seis pa\u00edses de Latinoam\u00e9rica Per\u00fa, Argentina, M\u00e9xico, Cuba, Colombia y Rep\u00fablica Dominicana, con el objetivo de difundir la Ley de Memoria Democr\u00e1tica, para que todas las personas beneficiarias puedan aplicar a la ley antes de la fecha de vencimiento en octubre 2024.<\/p>\n\n\n\n<p>En el encuentro, la experta en derecho de extranjer\u00eda respondi\u00f3 las inquietudes de los participantes sobre el estatus de hijos que tienen padres con pasaporte de nacionalidad espa\u00f1ola, de igual forma la importancia de optar por el documento espa\u00f1ol en caso donde tienen otras nacionalidades, el costo del proceso y los pasos que se deben hacer frente a los tribunales y a la embajada espa\u00f1ola para contar con el documento que oficializa su estatus legal.<\/p>\n\n\n\n<p>La actividad, a la que asistieron distinguidos miembros del Centro Espa\u00f1ol, estudiantes y egresados de la escuela de Derecho, tuvo lugar en el aula octagonal 12, del edificio sede de Postgrado de la PUCMM, campus de Santiago y fue transmitida por el canal de YouTube Pucmm TV.<\/p>\n","protected":false},"excerpt":{"rendered":"<p>Santiago, R.D.- La Escuela de Derecho de la Pontificia Universidad Cat\u00f3lica Madre y Maestra en alianza con la abogada de extranjer\u00eda, M\u00e1chelin D\u00edaz, presentaron la conferencia magistral \u201cLey de Memoria&hellip; <\/p>\n","protected":false},"author":2,"featured_media":2146,"comment_status":"closed","ping_status":"closed","sticky":false,"template":"","format":"standard","meta":{"fifu_image_url":"","fifu_image_alt":"","footnotes":""},"categories":[54],"tags":[],"class_list":["post-2145","post","type-post","status-publish","format-standard","has-post-thumbnail","hentry","category-politica_exterior"],"_links":{"self":[{"href":"https:\/\/elmundodelapolitica.com\/v1\/wp-json\/wp\/v2\/posts\/2145","targetHints":{"allow":["GET"]}}],"collection":[{"href":"https:\/\/elmundodelapolitica.com\/v1\/wp-json\/wp\/v2\/posts"}],"about":[{"href":"https:\/\/elmundodelapolitica.com\/v1\/wp-json\/wp\/v2\/types\/post"}],"author":[{"embeddable":true,"href":"https:\/\/elmundodelapolitica.com\/v1\/wp-json\/wp\/v2\/users\/2"}],"replies":[{"embeddable":true,"href":"https:\/\/elmundodelapolitica.com\/v1\/wp-json\/wp\/v2\/comments?post=2145"}],"version-history":[{"count":1,"href":"https:\/\/elmundodelapolitica.com\/v1\/wp-json\/wp\/v2\/posts\/2145\/revisions"}],"predecessor-version":[{"id":2147,"href":"https:\/\/elmundodelapolitica.com\/v1\/wp-json\/wp\/v2\/posts\/2145\/revisions\/2147"}],"wp:featuredmedia":[{"embeddable":true,"href":"https:\/\/elmundodelapolitica.com\/v1\/wp-json\/wp\/v2\/media\/2146"}],"wp:attachment":[{"href":"https:\/\/elmundodelapolitica.com\/v1\/wp-json\/wp\/v2\/media?parent=2145"}],"wp:term":[{"taxonomy":"category","embeddable":true,"href":"https:\/\/elmundodelapolitica.com\/v1\/wp-json\/wp\/v2\/categories?post=2145"},{"taxonomy":"post_tag","embeddable":true,"href":"https:\/\/elmundodelapolitica.com\/v1\/wp-json\/wp\/v2\/tags?post=2145"}],"curies":[{"name":"wp","href":"https:\/\/api.w.org\/{rel}","templated":true}]}}