{"id":2141,"date":"2023-03-17T07:44:18","date_gmt":"2023-03-17T11:44:18","guid":{"rendered":"https:\/\/elmundodelapolitica.com\/v1\/?p=2141"},"modified":"2023-03-19T22:35:18","modified_gmt":"2023-03-20T02:35:18","slug":"con-oferta-5-dolares-arajet-apuesta-turismo-colombiano","status":"publish","type":"post","link":"https:\/\/elmundodelapolitica.com\/v1\/con-oferta-5-dolares-arajet-apuesta-turismo-colombiano\/","title":{"rendered":"Con oferta 5 d\u00f3lares Arajet apuesta turismo colombiano"},"content":{"rendered":"<div>\n<p><strong>Santo Domingo<\/strong>, R.D., 17 de marzo de 2023.-Arajet, la primera l\u00ednea a\u00e9rea de tarifas bajas del Caribe, lanz\u00f3 una campa\u00f1a para impulsar el turismo colombiano hacia Rep\u00fablica Dominicana con una promoci\u00f3n de s\u00f3lo 5 d\u00f3lares m\u00e1s impuestos para las rutas que conectan a Santo Domingo con Bogot\u00e1, Medell\u00edn, Cartagena, y Barranquilla.<\/p>\n<p>Con esta estrategia Arajet busca seguir impulsando el tr\u00e1fico de turistas entre ambas naciones, donde los colombianos se han colocado en 2023 como la tercera naci\u00f3n m\u00e1s importante para Rep\u00fablica Dominicana como pa\u00eds emisor de turistas.<\/p>\n<p>\u201cDurante cuatro d\u00edas, del 16 al 19 de marzo, ofreceremos una tarifa incre\u00edble de $5USD exclusiva para nuestros clientes en Colombia en&nbsp;<a href=\"http:\/\/www.arajet.com\/\" target=\"_blank\" rel=\"noreferrer noopener\">arajet.com<\/a>&nbsp;para conocer Rep\u00fablica Dominicana\u201d se\u00f1al\u00f3 Jos\u00e9 Mar\u00eda Alvarado, Chief Commercial Officer de Arajet. \u201cCon el Vuelat\u00f3n no hay excusa para que los colombianos no disfruten este a\u00f1o de sus vacaciones, pues no existe una promoci\u00f3n comparable en el mercado\u201d, asegur\u00f3.<\/p>\n<p>Esta promoci\u00f3n ofrece una cantidad limitada de asientos con descuento, y es v\u00e1lida para volar desde&nbsp;el 27 de marzo hasta el 28 de octubre 2023 (exceptuando las fechas del 31 de marzo al 9 de abril, y 1ro de julio al 15 de agosto 2023). Invitamos a nuestros clientes&nbsp;a adquirir sus boletos y conocer t\u00e9rminos y condiciones en&nbsp;<a href=\"http:\/\/www.arajet.com\/\" target=\"_blank\" rel=\"noreferrer noopener\">www.arajet.com<\/a><\/p>\n<\/div>\n","protected":false},"excerpt":{"rendered":"<p>Santo Domingo, R.D., 17 de marzo de 2023.-Arajet, la primera l\u00ednea a\u00e9rea de tarifas bajas del Caribe, lanz\u00f3 una campa\u00f1a para impulsar el turismo colombiano hacia Rep\u00fablica Dominicana con una&hellip; <\/p>\n","protected":false},"author":2,"featured_media":2162,"comment_status":"closed","ping_status":"closed","sticky":false,"template":"","format":"standard","meta":{"fifu_image_url":"","fifu_image_alt":"","footnotes":""},"categories":[34],"tags":[],"class_list":["post-2141","post","type-post","status-publish","format-standard","has-post-thumbnail","hentry","category-turismo"],"_links":{"self":[{"href":"https:\/\/elmundodelapolitica.com\/v1\/wp-json\/wp\/v2\/posts\/2141","targetHints":{"allow":["GET"]}}],"collection":[{"href":"https:\/\/elmundodelapolitica.com\/v1\/wp-json\/wp\/v2\/posts"}],"about":[{"href":"https:\/\/elmundodelapolitica.com\/v1\/wp-json\/wp\/v2\/types\/post"}],"author":[{"embeddable":true,"href":"https:\/\/elmundodelapolitica.com\/v1\/wp-json\/wp\/v2\/users\/2"}],"replies":[{"embeddable":true,"href":"https:\/\/elmundodelapolitica.com\/v1\/wp-json\/wp\/v2\/comments?post=2141"}],"version-history":[{"count":1,"href":"https:\/\/elmundodelapolitica.com\/v1\/wp-json\/wp\/v2\/posts\/2141\/revisions"}],"predecessor-version":[{"id":2163,"href":"https:\/\/elmundodelapolitica.com\/v1\/wp-json\/wp\/v2\/posts\/2141\/revisions\/2163"}],"wp:featuredmedia":[{"embeddable":true,"href":"https:\/\/elmundodelapolitica.com\/v1\/wp-json\/wp\/v2\/media\/2162"}],"wp:attachment":[{"href":"https:\/\/elmundodelapolitica.com\/v1\/wp-json\/wp\/v2\/media?parent=2141"}],"wp:term":[{"taxonomy":"category","embeddable":true,"href":"https:\/\/elmundodelapolitica.com\/v1\/wp-json\/wp\/v2\/categories?post=2141"},{"taxonomy":"post_tag","embeddable":true,"href":"https:\/\/elmundodelapolitica.com\/v1\/wp-json\/wp\/v2\/tags?post=2141"}],"curies":[{"name":"wp","href":"https:\/\/api.w.org\/{rel}","templated":true}]}}