{"id":2130,"date":"2023-03-16T23:55:15","date_gmt":"2023-03-17T03:55:15","guid":{"rendered":"https:\/\/elmundodelapolitica.com\/v1\/?p=2130"},"modified":"2023-03-16T23:55:17","modified_gmt":"2023-03-17T03:55:17","slug":"rd-y-reino-unido-firman-declaracion-de-intencion-para-cooperacion-en-materia-de-defensa-seguridad-y-gestion-de-crisis","status":"publish","type":"post","link":"https:\/\/elmundodelapolitica.com\/v1\/rd-y-reino-unido-firman-declaracion-de-intencion-para-cooperacion-en-materia-de-defensa-seguridad-y-gestion-de-crisis\/","title":{"rendered":"RD y Reino Unido firman Declaraci\u00f3n de Intenci\u00f3n para cooperaci\u00f3n en materia de defensa, seguridad y gesti\u00f3n de crisis"},"content":{"rendered":"\n<p>Santo Domingo.- El Ministro de Relaciones Exteriores,&nbsp;<strong>Roberto \u00c1lvarez<\/strong>, y el embajador del Reino Unido de Gran Breta\u00f1a e Irlanda del Norte,&nbsp;<strong>Mockbul Ali<\/strong>, firmaron una&nbsp;<strong>Declaraci\u00f3n de Intenci\u00f3n para cooperaci\u00f3n en materia de defensa, seguridad y gesti\u00f3n de crisis&nbsp;<\/strong>entre ambos Estados.<\/p>\n\n\n\n<p>En una primera fase, el acuerdo se\u00f1ala que el Gobierno dominicano adquirir\u00e1 cuatro helic\u00f3pteros AgustaWestland (AW169) de avanzada generaci\u00f3n, con los que se busca&nbsp;<strong>mejorar la capacidad aeron\u00e1utica nacional, las labores de seguridad y protecci\u00f3n ante desastres.<\/strong><\/p>\n\n\n\n<p>Asimismo, se prev\u00e9 el&nbsp;<strong>intercambio de buenas pr\u00e1cticas y conocimiento<\/strong>&nbsp;en las referidas \u00e1reas, as\u00ed como la preparaci\u00f3n de programas, proyectos y acciones puntuales para promover la paz, la seguridad internacional, el respeto de los derechos humanos, el desarrollo sostenible y el fortalecimiento a la democracia.<\/p>\n\n\n\n<figure class=\"wp-block-image\"><img decoding=\"async\" src=\"https:\/\/presidencia.gob.do\/sites\/default\/files\/content\/52749632149_4e671a03e9_o.jpg\" alt=\"\"\/><\/figure>\n\n\n\n<p>En sus palabras,&nbsp;<strong>el canciller \u00c1lvarez<\/strong>&nbsp;expres\u00f3 que&nbsp;<em>\u201cno es fortuito decir que este acuerdo llega en un momento clave en materia de seguridad y defensa para nuestros pa\u00edses, puesto que la realidad actual as\u00ed lo plantea, circunstancias de las que solo juntos podemos avanzar correctamente y prosperar, sin dejar a nadie atr\u00e1s\u201d.&nbsp;<\/em><\/p>\n\n\n\n<p>De su lado,&nbsp;<strong>el embajador Mockbul Ali<\/strong>&nbsp;dijo durante el acto que&nbsp;<em>\u201cnos suscribimos a un acuerdo en materia de defensa, seguridad y gesti\u00f3n de crisis que continuar\u00e1 fortaleciendo el liderazgo de la Rep\u00fablica Dominicana en la regi\u00f3n. Su seguridad es nuestra seguridad y hoy damos un paso de gigante hacia su transformaci\u00f3n. Aplaudimos la brillante visi\u00f3n del excelent\u00edsimo se\u00f1or Presidente Luis Abinader en este sentido\u201d.<\/em><\/p>\n\n\n\n<p>Ambas naciones asentaron que las entidades responsables de la operaci\u00f3n y coordinaci\u00f3n de los acuerdos ser\u00e1n la&nbsp;<strong>Embajada Brit\u00e1nica en Santo Domingo<\/strong>, por parte del Reino Unido, y el&nbsp;<strong>Ministerio de Defensa<\/strong>, por parte de Rep\u00fablica Dominicana.&nbsp;<\/p>\n\n\n\n<p>En el evento, por la parte dominicana, estuvo presente el Ministro de Defensa, teniente general Carlos Luciano Diaz Morfa; el comandante general de la Fuerza A\u00e9rea, Carlos R. Febrillet Rodr\u00edguez, y el asesor del Poder Ejecutivo en materia financiera, Pablo Portes.<\/p>\n","protected":false},"excerpt":{"rendered":"<p>Santo Domingo.- El Ministro de Relaciones Exteriores,&nbsp;Roberto \u00c1lvarez, y el embajador del Reino Unido de Gran Breta\u00f1a e Irlanda del Norte,&nbsp;Mockbul Ali, firmaron una&nbsp;Declaraci\u00f3n de Intenci\u00f3n para cooperaci\u00f3n en materia&hellip; <\/p>\n","protected":false},"author":2,"featured_media":2131,"comment_status":"closed","ping_status":"closed","sticky":false,"template":"","format":"standard","meta":{"fifu_image_url":"","fifu_image_alt":"","footnotes":""},"categories":[54],"tags":[],"class_list":["post-2130","post","type-post","status-publish","format-standard","has-post-thumbnail","hentry","category-politica_exterior"],"_links":{"self":[{"href":"https:\/\/elmundodelapolitica.com\/v1\/wp-json\/wp\/v2\/posts\/2130","targetHints":{"allow":["GET"]}}],"collection":[{"href":"https:\/\/elmundodelapolitica.com\/v1\/wp-json\/wp\/v2\/posts"}],"about":[{"href":"https:\/\/elmundodelapolitica.com\/v1\/wp-json\/wp\/v2\/types\/post"}],"author":[{"embeddable":true,"href":"https:\/\/elmundodelapolitica.com\/v1\/wp-json\/wp\/v2\/users\/2"}],"replies":[{"embeddable":true,"href":"https:\/\/elmundodelapolitica.com\/v1\/wp-json\/wp\/v2\/comments?post=2130"}],"version-history":[{"count":1,"href":"https:\/\/elmundodelapolitica.com\/v1\/wp-json\/wp\/v2\/posts\/2130\/revisions"}],"predecessor-version":[{"id":2132,"href":"https:\/\/elmundodelapolitica.com\/v1\/wp-json\/wp\/v2\/posts\/2130\/revisions\/2132"}],"wp:featuredmedia":[{"embeddable":true,"href":"https:\/\/elmundodelapolitica.com\/v1\/wp-json\/wp\/v2\/media\/2131"}],"wp:attachment":[{"href":"https:\/\/elmundodelapolitica.com\/v1\/wp-json\/wp\/v2\/media?parent=2130"}],"wp:term":[{"taxonomy":"category","embeddable":true,"href":"https:\/\/elmundodelapolitica.com\/v1\/wp-json\/wp\/v2\/categories?post=2130"},{"taxonomy":"post_tag","embeddable":true,"href":"https:\/\/elmundodelapolitica.com\/v1\/wp-json\/wp\/v2\/tags?post=2130"}],"curies":[{"name":"wp","href":"https:\/\/api.w.org\/{rel}","templated":true}]}}