{"id":213,"date":"2022-04-26T00:20:56","date_gmt":"2022-04-26T04:20:56","guid":{"rendered":"http:\/\/www.elmundodelapolitica.com\/v2\/?p=25279"},"modified":"2022-04-26T00:20:56","modified_gmt":"2022-04-26T04:20:56","slug":"invita-fedocamaras-reconsiderar-llamado-huelga","status":"publish","type":"post","link":"https:\/\/elmundodelapolitica.com\/v1\/invita-fedocamaras-reconsiderar-llamado-huelga\/","title":{"rendered":"Invita Fedoc\u00e1maras reconsiderar llamado huelga"},"content":{"rendered":"\n<p>La Federaci\u00f3n Dominicana de C\u00e1maras de Comercio (Fedoc\u00e1maras) invit\u00f3 a los organizadores de la convocatoria a huelga para este lunes 25 en la zona Norte del pa\u00eds, a sentarse en la mesa del di\u00e1logo con las autoridades correspondientes.<\/p>\n\n\n\n<p>\u201cDesde Fedoc\u00e1maras, hacemos un llamado a la prudencia, estos no son momentos de huelga, estos son momentos donde los actores econ\u00f3micos del pa\u00eds deben unir esfuerzos en crear empleos y bienestar\u201d, expres\u00f3 la organizaci\u00f3n tras su reuni\u00f3n nacional celebrada en San Crist\u00f3bal.<\/p>\n\n\n\n<p>Entiende que el pa\u00eds enfrenta grandes retos, fruto de inestabilidad en los mercados internacionales y, que en estas coyunturas no es prudente una huelga, ya que, a su juicio, se estar\u00eda atentando contra la estabilidad social que todos los dominicanos valoran. En ese sentido, exhort\u00f3 al Gobierno a que promueva un acercamiento con los organizadores a los fines de llegar a un entendimiento.<\/p>\n\n\n\n<p>\u201cEstamos viviendo un clima de paz y resiliencia en el que el empresariado necesita mantener la estabilidad y poder seguir aportando al desarrollo econ\u00f3mico y social nacional\u201d, manifest\u00f3 en su comunicado.<\/p>\n\n\n\n<p>Fedoc\u00e1maras se\u00f1al\u00f3, que est\u00e1 consciente de las necesidades puntuales que se est\u00e1n proponiendo, pero augura que estas solicitudes se hagan siempre dentro del marco de la paz y el orden social, para as\u00ed se evitar la intranquilidad y la p\u00e9rdida de vidas humanas.<\/p>\n\n\n\n<p>Esperanzados de que la armon\u00eda y la uni\u00f3n reine entra las partes para el bien social de la regi\u00f3n.<\/p>\n","protected":false},"excerpt":{"rendered":"<p>La Federaci\u00f3n Dominicana de C\u00e1maras de Comercio (Fedoc\u00e1maras) invit\u00f3 a los organizadores de la convocatoria a huelga para este lunes 25 en la zona Norte del pa\u00eds, a sentarse en&hellip; <\/p>\n","protected":false},"author":2,"featured_media":214,"comment_status":"closed","ping_status":"open","sticky":false,"template":"","format":"standard","meta":{"fifu_image_url":"","fifu_image_alt":"","footnotes":""},"categories":[23],"tags":[],"class_list":["post-213","post","type-post","status-publish","format-standard","has-post-thumbnail","hentry","category-comercio-internacional"],"_links":{"self":[{"href":"https:\/\/elmundodelapolitica.com\/v1\/wp-json\/wp\/v2\/posts\/213","targetHints":{"allow":["GET"]}}],"collection":[{"href":"https:\/\/elmundodelapolitica.com\/v1\/wp-json\/wp\/v2\/posts"}],"about":[{"href":"https:\/\/elmundodelapolitica.com\/v1\/wp-json\/wp\/v2\/types\/post"}],"author":[{"embeddable":true,"href":"https:\/\/elmundodelapolitica.com\/v1\/wp-json\/wp\/v2\/users\/2"}],"replies":[{"embeddable":true,"href":"https:\/\/elmundodelapolitica.com\/v1\/wp-json\/wp\/v2\/comments?post=213"}],"version-history":[{"count":0,"href":"https:\/\/elmundodelapolitica.com\/v1\/wp-json\/wp\/v2\/posts\/213\/revisions"}],"wp:featuredmedia":[{"embeddable":true,"href":"https:\/\/elmundodelapolitica.com\/v1\/wp-json\/wp\/v2\/media\/214"}],"wp:attachment":[{"href":"https:\/\/elmundodelapolitica.com\/v1\/wp-json\/wp\/v2\/media?parent=213"}],"wp:term":[{"taxonomy":"category","embeddable":true,"href":"https:\/\/elmundodelapolitica.com\/v1\/wp-json\/wp\/v2\/categories?post=213"},{"taxonomy":"post_tag","embeddable":true,"href":"https:\/\/elmundodelapolitica.com\/v1\/wp-json\/wp\/v2\/tags?post=213"}],"curies":[{"name":"wp","href":"https:\/\/api.w.org\/{rel}","templated":true}]}}