{"id":209,"date":"2022-04-26T00:24:31","date_gmt":"2022-04-26T04:24:31","guid":{"rendered":"http:\/\/www.elmundodelapolitica.com\/v2\/?p=25285"},"modified":"2022-04-26T00:24:31","modified_gmt":"2022-04-26T04:24:31","slug":"participo-gobernador-valdez-albizu-reuniones-primavera-del-fmi","status":"publish","type":"post","link":"https:\/\/elmundodelapolitica.com\/v1\/participo-gobernador-valdez-albizu-reuniones-primavera-del-fmi\/","title":{"rendered":"Participo Gobernador Valdez Albizu Reuniones Primavera del FMI"},"content":{"rendered":"\n<p>El gobernador del Banco Central de la Rep\u00fablica Dominicana (BCRD),&nbsp;<strong>H\u00e9ctor Valdez Albizu<\/strong>, particip\u00f3 en las Reuniones de Primavera del Fondo Monetario Internacional (FMI) y el Banco Mundial (BM), las cuales se celebraron del 18 al 24 de abril en la ciudad de Washington, Estados Unidos.<\/p>\n\n\n\n<p>En el marco de estas reuniones, la directora gerente del FMI,&nbsp;<strong>Kristalina Georgieva<\/strong>, realiz\u00f3 un encuentro con gobernadores de bancos centrales y ministros de finanzas de Am\u00e9rica Latina, Canad\u00e1 y Estados Unidos, en el que se intercambiaron opiniones sobre las tendencias recientes de la econom\u00eda mundial y los efectos de la&nbsp;<strong>invasi\u00f3n rusa a Ucrania<\/strong>&nbsp;sobre la regi\u00f3n, que ha incrementado&nbsp;<strong>los precios del petr\u00f3leo, fletes y alimentos.<\/strong><\/p>\n\n\n\n<p>Georgieva dijo que para atacar la inflaci\u00f3n \u201clos bancos centrales deben actuar de manera decisiva y comunicar claramente sus decisiones\u201d, en base a una pol\u00edtica monetaria restrictiva.<\/p>\n\n\n\n<p>Mencion\u00f3 adem\u00e1s la importancia de\u00a0<strong>\u201cmantener la estabilidad del sistema financiero\u201d<\/strong>\u00a0en un contexto de mayores tasas de inter\u00e9s a nivel global.<\/p>\n\n\n\n<p>De su lado,&nbsp;<strong>Ilan Goldfajn<\/strong>, nuevo director del Departamento del Hemisferio Occidental, destac\u00f3 que las econom\u00edas del mundo \u201cest\u00e1n enfrentando un choque inflacionario sobre otro choque inflacionario\u201d.<\/p>\n\n\n\n<p>Afirm\u00f3 que \u201cdesde el a\u00f1o pasado enfrentamos el impacto de la disrupci\u00f3n de las cadenas de valor sobre la inflaci\u00f3n, y ahora el impacto de la guerra ha intensificado esta tendencia inflacionaria. Algo que no se hab\u00eda visto antes.\u201d<\/p>\n\n\n\n<p>En su intervenci\u00f3n, Valdez Albizu resalt\u00f3 el desempe\u00f1o de la econom\u00eda dominicana, la cual se ha recuperado m\u00e1s r\u00e1pido de lo previsto, con&nbsp;<strong>un notable crecimiento de 12.3%<\/strong>, equivalente a&nbsp;<strong>una expansi\u00f3n de 4.7%<\/strong>&nbsp;comparado con el nivel de producci\u00f3n real del a\u00f1o 2019, previo a la pandemia.<\/p>\n\n\n\n<p>Indic\u00f3 que si bien la coyuntura actual representa un reto en t\u00e9rminos macroecon\u00f3micos, este desempe\u00f1o se ha mantenido en los primeros dos meses de 2022 con un crecimiento acumulado de 6% del indicador mensual de actividad econ\u00f3mica (IMAE) y con&nbsp;<strong>un crecimiento estimado para 2022 cercano 5.0 %.<\/strong><\/p>\n","protected":false},"excerpt":{"rendered":"<p>El gobernador del Banco Central de la Rep\u00fablica Dominicana (BCRD),&nbsp;H\u00e9ctor Valdez Albizu, particip\u00f3 en las Reuniones de Primavera del Fondo Monetario Internacional (FMI) y el Banco Mundial (BM), las cuales&hellip; <\/p>\n","protected":false},"author":2,"featured_media":210,"comment_status":"closed","ping_status":"open","sticky":false,"template":"","format":"standard","meta":{"fifu_image_url":"","fifu_image_alt":"","footnotes":""},"categories":[32],"tags":[],"class_list":["post-209","post","type-post","status-publish","format-standard","has-post-thumbnail","hentry","category-banca"],"_links":{"self":[{"href":"https:\/\/elmundodelapolitica.com\/v1\/wp-json\/wp\/v2\/posts\/209","targetHints":{"allow":["GET"]}}],"collection":[{"href":"https:\/\/elmundodelapolitica.com\/v1\/wp-json\/wp\/v2\/posts"}],"about":[{"href":"https:\/\/elmundodelapolitica.com\/v1\/wp-json\/wp\/v2\/types\/post"}],"author":[{"embeddable":true,"href":"https:\/\/elmundodelapolitica.com\/v1\/wp-json\/wp\/v2\/users\/2"}],"replies":[{"embeddable":true,"href":"https:\/\/elmundodelapolitica.com\/v1\/wp-json\/wp\/v2\/comments?post=209"}],"version-history":[{"count":0,"href":"https:\/\/elmundodelapolitica.com\/v1\/wp-json\/wp\/v2\/posts\/209\/revisions"}],"wp:featuredmedia":[{"embeddable":true,"href":"https:\/\/elmundodelapolitica.com\/v1\/wp-json\/wp\/v2\/media\/210"}],"wp:attachment":[{"href":"https:\/\/elmundodelapolitica.com\/v1\/wp-json\/wp\/v2\/media?parent=209"}],"wp:term":[{"taxonomy":"category","embeddable":true,"href":"https:\/\/elmundodelapolitica.com\/v1\/wp-json\/wp\/v2\/categories?post=209"},{"taxonomy":"post_tag","embeddable":true,"href":"https:\/\/elmundodelapolitica.com\/v1\/wp-json\/wp\/v2\/tags?post=209"}],"curies":[{"name":"wp","href":"https:\/\/api.w.org\/{rel}","templated":true}]}}