{"id":2071,"date":"2023-03-12T20:20:17","date_gmt":"2023-03-13T00:20:17","guid":{"rendered":"https:\/\/elmundodelapolitica.com\/v1\/?p=2071"},"modified":"2023-03-12T20:20:17","modified_gmt":"2023-03-13T00:20:17","slug":"firman-acuerdo-para-fomentar-inclusion-social-y-laboral-a-personas-con-discapacidad","status":"publish","type":"post","link":"https:\/\/elmundodelapolitica.com\/v1\/firman-acuerdo-para-fomentar-inclusion-social-y-laboral-a-personas-con-discapacidad\/","title":{"rendered":"Firman acuerdo para fomentar inclusi\u00f3n social y laboral a personas con discapacidad"},"content":{"rendered":"<div>\n<p>SANTO DOMINGO.- Con el objetivo de continuar fomentando una cultura de inclusi\u00f3n social laboral a personas con discapacidad, el Ministerio de Industria, Comercio y Mipymes (MICM), firm\u00f3 un acuerdo de colaboraci\u00f3n interinstitucional con el Consejo Nacional de Discapacidad (Conadis).<\/p>\n<p>La firma la rubricaron el ministro V\u00edctor -Ito- Bison\u00f3 y Carlos Yun\u00e9n, presidente del Conadis, en un acto realizado en la sede del MICM, el cual establece la inclusi\u00f3n social y laboral a personas con discapacidad.<\/p>\n<p>El ministro Bison\u00f3 explic\u00f3 que el acuerdo detalla que el Conadis brindar\u00e1 al MICM el acompa\u00f1amiento necesario en temas de asesoramiento y capacitaci\u00f3n, dirigido a sus colaboradores a trav\u00e9s de talleres en materia de discapacidad, tendente a garantizar la igualdad de derechos dentro de la cartera oficial.<\/p>\n<p>\u201cTrabajamos de manera ardua por y para todos los dominicanos, por esa raz\u00f3n creemos en la inclusi\u00f3n laboral, ya que \u00e9sta es una manera de enriquecer tanto a nuestra instituci\u00f3n como a nuestros colaboradores, pues cada persona tiene derecho a superarse como profesional y ente social\u201d, precis\u00f3 el ministro del MICM.<\/p>\n<p>En tanto, Carlos Yun\u00e9n, presidente del Conadis, resalt\u00f3 el gesto del ministro Bison\u00f3 por integrar a los colaboradores del MICM a una cultura de inclusi\u00f3n laboral, y exhort\u00f3 a las dem\u00e1s instituciones del Gobierno a imitar el gest\u00f3 del titular de Industria, Comercio y Mipymes.<\/p>\n<p>El presidente del Conadis destac\u00f3 el acuerdo de colaboraci\u00f3n con el MICM que tiene la finalidad de incrementar la inclusi\u00f3n y el acceso a los servicios de las personas con discapacidad.<\/p>\n<\/div>\n","protected":false},"excerpt":{"rendered":"<p>SANTO DOMINGO.- Con el objetivo de continuar fomentando una cultura de inclusi\u00f3n social laboral a personas con discapacidad, el Ministerio de Industria, Comercio y Mipymes (MICM), firm\u00f3 un acuerdo de&hellip; <\/p>\n","protected":false},"author":2,"featured_media":0,"comment_status":"closed","ping_status":"closed","sticky":false,"template":"","format":"standard","meta":{"fifu_image_url":"","fifu_image_alt":"","footnotes":""},"categories":[1],"tags":[],"class_list":["post-2071","post","type-post","status-publish","format-standard","hentry","category-sin-categoria"],"_links":{"self":[{"href":"https:\/\/elmundodelapolitica.com\/v1\/wp-json\/wp\/v2\/posts\/2071","targetHints":{"allow":["GET"]}}],"collection":[{"href":"https:\/\/elmundodelapolitica.com\/v1\/wp-json\/wp\/v2\/posts"}],"about":[{"href":"https:\/\/elmundodelapolitica.com\/v1\/wp-json\/wp\/v2\/types\/post"}],"author":[{"embeddable":true,"href":"https:\/\/elmundodelapolitica.com\/v1\/wp-json\/wp\/v2\/users\/2"}],"replies":[{"embeddable":true,"href":"https:\/\/elmundodelapolitica.com\/v1\/wp-json\/wp\/v2\/comments?post=2071"}],"version-history":[{"count":0,"href":"https:\/\/elmundodelapolitica.com\/v1\/wp-json\/wp\/v2\/posts\/2071\/revisions"}],"wp:attachment":[{"href":"https:\/\/elmundodelapolitica.com\/v1\/wp-json\/wp\/v2\/media?parent=2071"}],"wp:term":[{"taxonomy":"category","embeddable":true,"href":"https:\/\/elmundodelapolitica.com\/v1\/wp-json\/wp\/v2\/categories?post=2071"},{"taxonomy":"post_tag","embeddable":true,"href":"https:\/\/elmundodelapolitica.com\/v1\/wp-json\/wp\/v2\/tags?post=2071"}],"curies":[{"name":"wp","href":"https:\/\/api.w.org\/{rel}","templated":true}]}}