{"id":207,"date":"2022-04-29T02:24:10","date_gmt":"2022-04-29T06:24:10","guid":{"rendered":"http:\/\/www.elmundodelapolitica.com\/v2\/?p=25288"},"modified":"2022-04-29T02:24:10","modified_gmt":"2022-04-29T06:24:10","slug":"juramenta-ministro-trabajo-nuevo-gerente-general-cnss","status":"publish","type":"post","link":"https:\/\/elmundodelapolitica.com\/v1\/juramenta-ministro-trabajo-nuevo-gerente-general-cnss\/","title":{"rendered":"Juramenta ministro Trabajo nuevo Gerente General CNSS"},"content":{"rendered":"\n<p>Santo Domingo, R.D. Abril 27, 2022.- El ministro de Trabajo y presidente del Consejo Nacional de Seguridad Social (CNSS), Luis Miguel De Camps jurament\u00f3 al nuevo Gerente General del Consejo Nacional de Seguridad Social (CNSS), Edward Guzm\u00e1n en cumplimiento del decreto 196-22, luego de que la entidad envi\u00f3 una terna de candidatos al Poder Ejecutivo, tras la renuncia del pasado gerente general, F\u00e9lix Aracena Vargas.&nbsp;<\/p>\n\n\n\n<p>El acto de juramentaci\u00f3n se realiz\u00f3 en el sal\u00f3n de reuniones del CNSS, ante la presencia de miembros del Consejo, funcionarios del Sistema Dominicano de Seguridad Social (SDSS) e invitados especiales.&nbsp;<\/p>\n\n\n\n<p>Una vez juramentado el nuevo Gerente General del CNSS, Edward Guzm\u00e1n, agradeci\u00f3 a Dios, al Presidente de la Rep\u00fablica, Luis Abinader, el ministro de Trabajo y presidente del CNSS, Luis Miguel De Camps, y a los sectores que integran el Consejo, por su designaci\u00f3n.&nbsp;<\/p>\n\n\n\n<p>\u201cTenemos un gran reto de seguir avanzando con la implementaci\u00f3n del Sistema Dominicano de Seguridad Social, para beneficio de la ciudadan\u00eda. Nos comprometemos a realizar las gestiones de lugar para lograr importantes avances\u201d, expres\u00f3 el nuevo Gerente General del CNSS, Edward Guzm\u00e1n.&nbsp;<\/p>\n\n\n\n<p>Los sectores que integran el Consejo Nacional de Seguridad Social (CNSS), valoraron la designaci\u00f3n del funcionario dese\u00e1ndole \u00e9xitos en su gesti\u00f3n al tiempo que resaltaron su profesionalidad y conocimiento del sector.&nbsp;<\/p>\n\n\n\n<p>Previo a su designaci\u00f3n como gerente general del CNSS, Edward Guzm\u00e1n era parte de dicha entidad en representaci\u00f3n del sector del gobierno, siendo entonces presidente de la Comisi\u00f3n Permanente de Salud.&nbsp;<\/p>\n\n\n\n<p>Durante la actividad de juramentaci\u00f3n, estuvieron presentes los funcionarios del SDSS, la subgerente general del CNSS, Marilyn Rodr\u00edguez; el Tesorero de la Seguridad Social, Henry Sahdal\u00e1; el Superintendente de Salud y Riesgos Laborales, Jes\u00fas Feris Iglesias; el Contralor General del SDSS, Wladislao Guzm\u00e1n y el director del Instituto Dominicano de Prevenci\u00f3n y Protecci\u00f3n de Riesgos Laborales (IDOPPRIL), doctor Fausto L\u00f3pez Sol\u00eds.&nbsp;<\/p>\n\n\n\n<p>Tambi\u00e9n el Director General en Sistema \u00danico de Beneficiarios (SIUBEN), Jefrey Lizardo; el director general de Presupuesto, Jos\u00e9 Rijo Presbot; Rafael Adolfo P\u00e9rez de Le\u00f3n, director Programa de Medicamentos Esenciales\/Central de Apoyo Log\u00edstico (Promese\/Cal); Junior Noboa, comisionado Nacional de B\u00e9isbol, familiares y empleados de las instituciones del Sistema Dominicano de Seguridad Social (SDSS).&nbsp;<\/p>\n\n\n\n<p>Sobre Edward Guzm\u00e1n&nbsp;<\/p>\n\n\n\n<p>M\u00e9dico egresado de la Pontificia Universidad Cat\u00f3lica Madre y Maestra (PUCMM), con Maestr\u00eda en Direcci\u00f3n y Gesti\u00f3n de los Sistemas de Seguridad Social de la Universidad de Alcal\u00e1-OISS; y Maestr\u00eda en Administraci\u00f3n de Empresas, en la Universidad Cat\u00f3lica Argentina (UCA). Es, adem\u00e1s, especialista en Econom\u00eda y Gesti\u00f3n de la Salud y docente universitario en la PUCMM de las asignaturas \u201cPrincipios de Salud P\u00fablica\u201d y \u201cMarco Legal y \u00c9tico de la Seguridad Social\u201d, ambas incluidas en el programa de la Maestr\u00eda Gesti\u00f3n en Salud.&nbsp;<\/p>\n\n\n\n<p>El 17 de agosto de 2020, el presidente Luis Abinader mediante el decreto 355-20 lo design\u00f3 como viceministro de Planificaci\u00f3n y Desarrollo del Ministerio de Salud P\u00fablica y Asistencia Social (MISPAS), siendo adem\u00e1s miembro del Gabinete de Salud del Gobierno de la Rep\u00fablica Dominicana y responsable del acelerador concerniente a adultos mayores del Plan Nacional de Vacunaci\u00f3n contra COVID-19 \u201cVac\u00fanate RD\u201d.&nbsp;<\/p>\n\n\n\n<p>Previa a su designaci\u00f3n como viceministro, Guzm\u00e1n se desempe\u00f1\u00f3 como Encargado del Departamento de Auditor\u00eda M\u00e9dica de la gerencia de salud del Seguro Nacional de Salud (SENASA) y llev\u00f3 la coordinaci\u00f3n del proyecto \u201cSenasa Cuida de Ti\u201d y el Contrato Macro entre el Servicio Nacional de Salud (SNS) y SENASA.&nbsp;<\/p>\n","protected":false},"excerpt":{"rendered":"<p>Santo Domingo, R.D. Abril 27, 2022.- El ministro de Trabajo y presidente del Consejo Nacional de Seguridad Social (CNSS), Luis Miguel De Camps jurament\u00f3 al nuevo Gerente General del Consejo&hellip; <\/p>\n","protected":false},"author":2,"featured_media":208,"comment_status":"closed","ping_status":"open","sticky":false,"template":"","format":"standard","meta":{"fifu_image_url":"","fifu_image_alt":"","footnotes":""},"categories":[22],"tags":[],"class_list":["post-207","post","type-post","status-publish","format-standard","has-post-thumbnail","hentry","category-gerencia"],"_links":{"self":[{"href":"https:\/\/elmundodelapolitica.com\/v1\/wp-json\/wp\/v2\/posts\/207","targetHints":{"allow":["GET"]}}],"collection":[{"href":"https:\/\/elmundodelapolitica.com\/v1\/wp-json\/wp\/v2\/posts"}],"about":[{"href":"https:\/\/elmundodelapolitica.com\/v1\/wp-json\/wp\/v2\/types\/post"}],"author":[{"embeddable":true,"href":"https:\/\/elmundodelapolitica.com\/v1\/wp-json\/wp\/v2\/users\/2"}],"replies":[{"embeddable":true,"href":"https:\/\/elmundodelapolitica.com\/v1\/wp-json\/wp\/v2\/comments?post=207"}],"version-history":[{"count":0,"href":"https:\/\/elmundodelapolitica.com\/v1\/wp-json\/wp\/v2\/posts\/207\/revisions"}],"wp:featuredmedia":[{"embeddable":true,"href":"https:\/\/elmundodelapolitica.com\/v1\/wp-json\/wp\/v2\/media\/208"}],"wp:attachment":[{"href":"https:\/\/elmundodelapolitica.com\/v1\/wp-json\/wp\/v2\/media?parent=207"}],"wp:term":[{"taxonomy":"category","embeddable":true,"href":"https:\/\/elmundodelapolitica.com\/v1\/wp-json\/wp\/v2\/categories?post=207"},{"taxonomy":"post_tag","embeddable":true,"href":"https:\/\/elmundodelapolitica.com\/v1\/wp-json\/wp\/v2\/tags?post=207"}],"curies":[{"name":"wp","href":"https:\/\/api.w.org\/{rel}","templated":true}]}}