{"id":2067,"date":"2023-03-12T21:20:49","date_gmt":"2023-03-13T01:20:49","guid":{"rendered":"https:\/\/elmundodelapolitica.com\/v1\/?p=2067"},"modified":"2023-03-12T21:20:52","modified_gmt":"2023-03-13T01:20:52","slug":"republica-dominicana-entre-las-10-democracias-que-mas-avanzan-en-el-mundo-segun-estudio","status":"publish","type":"post","link":"https:\/\/elmundodelapolitica.com\/v1\/republica-dominicana-entre-las-10-democracias-que-mas-avanzan-en-el-mundo-segun-estudio\/","title":{"rendered":"Rep\u00fablica Dominicana entre las 10 democracias que m\u00e1s avanzan en el mundo seg\u00fan estudio"},"content":{"rendered":"\n<p>Santo Domingo de Guzm\u00e1n, Rep\u00fablica Dominicana.-&nbsp;Por segundo a\u00f1o consecutivo,&nbsp;Rep\u00fablica Dominicana se&nbsp;posicionacomo uno de los 10&nbsp;pa\u00edses&nbsp;del mundo&nbsp;que m\u00e1s avanzan en su democratizaci\u00f3n,&nbsp;manteniendo&nbsp;un estatus de democracia electoral,&nbsp;seg\u00fan el&nbsp;informe&nbsp;anual&nbsp;del Instituto V-Dem de la Universidad de Gotemburgo, que analiza los \u00edndices de calidad de la democracia global.<\/p>\n\n\n\n<p>El Ministerio de Relaciones Exteriores inform\u00f3 que,&nbsp;seg\u00fan el informe de la universidad sueca, publicado el pasado 2 de marzo, el pa\u00eds&nbsp;ocupa el puesto 68 de 179&nbsp;Estados, mejorando su posici\u00f3n en 32 lugares desde 2020.<\/p>\n\n\n\n<p>Las principales fortalezas identificadas por este Instituto en Rep\u00fablica Dominicana fueron: elecciones libres, libertad de expresi\u00f3n y libertad de asociaci\u00f3n.<\/p>\n\n\n\n<p>\u201cLos resultados del reciente informe del Instituto V-Dem demuestran que&nbsp;Rep\u00fablica Dominicana se est\u00e1 consolidando como un referente en el mundo, afianzando su compromiso en la promoci\u00f3n de los valores democr\u00e1ticos y de los&nbsp;derechos&nbsp;humanos&nbsp;y reforzando la reputaci\u00f3n e imagen del pa\u00eds en la comunidad internacional\u201d,&nbsp;concluye el referido estudio.<\/p>\n\n\n\n<p>Al comparar&nbsp;el posicionamiento de Rep\u00fablica Dominicana con los dem\u00e1s pa\u00edses miembros&nbsp;de la Alianza para el Desarrollo en Democracia (ADD), el estudio&nbsp;establece que,&nbsp;\u201cpara el 2022, en el puntaje del \u00edndice de democracia liberal, el pa\u00eds se encuentra&nbsp;solo&nbsp;0.36 puntos por debajo de Costa Rica, 0.09 puntos por debajo de Panam\u00e1 y 0.02 puntos por debajo de Ecuador\u201d.<\/p>\n\n\n\n<p>El MIREX apunt\u00f3 que este posicionamiento ha sido logrado gracias a la visi\u00f3n y ejecusi\u00f3n del presidente Luis Abinader&nbsp;y los esfuerzos del Gobierno dominicano por hacer del Estado un entre transparente y eficiente.<\/p>\n\n\n\n<p>Sobre el Instituto V-Dem<\/p>\n\n\n\n<p>El Instituto V-Dem es una&nbsp;organizaci\u00f3n que&nbsp;mide y analiza la calidad de la democracia en todo el mundo a trav\u00e9s de un conjunto de \u00edndices e indicadores, distinguiendo entre m\u00faltiples principios fundamentales de las democracias: electoral, liberal, mayoritaria, consensual, participativa, deliberativa e igualitaria.<\/p>\n\n\n\n<p>Utiliza el \u00edndice de Democracia Liberal como principal indicador de desempe\u00f1o democr\u00e1tico, calificando a los pa\u00edses en una escala que va de 0 a 1, donde 1 indica el mayor nivel de desempe\u00f1o. Este abarca tanto los aspectos liberales como electorales de la democracia con base en 71 indicadores incluidos en el \u00cdndice del Componente Liberal y el \u00cdndice de Democracia Electoral.<\/p>\n","protected":false},"excerpt":{"rendered":"<p>Santo Domingo de Guzm\u00e1n, Rep\u00fablica Dominicana.-&nbsp;Por segundo a\u00f1o consecutivo,&nbsp;Rep\u00fablica Dominicana se&nbsp;posicionacomo uno de los 10&nbsp;pa\u00edses&nbsp;del mundo&nbsp;que m\u00e1s avanzan en su democratizaci\u00f3n,&nbsp;manteniendo&nbsp;un estatus de democracia electoral,&nbsp;seg\u00fan el&nbsp;informe&nbsp;anual&nbsp;del Instituto V-Dem de la&hellip; <\/p>\n","protected":false},"author":2,"featured_media":2068,"comment_status":"open","ping_status":"open","sticky":false,"template":"","format":"standard","meta":{"fifu_image_url":"","fifu_image_alt":"","footnotes":""},"categories":[63],"tags":[],"class_list":["post-2067","post","type-post","status-publish","format-standard","has-post-thumbnail","hentry","category-actualidad"],"_links":{"self":[{"href":"https:\/\/elmundodelapolitica.com\/v1\/wp-json\/wp\/v2\/posts\/2067","targetHints":{"allow":["GET"]}}],"collection":[{"href":"https:\/\/elmundodelapolitica.com\/v1\/wp-json\/wp\/v2\/posts"}],"about":[{"href":"https:\/\/elmundodelapolitica.com\/v1\/wp-json\/wp\/v2\/types\/post"}],"author":[{"embeddable":true,"href":"https:\/\/elmundodelapolitica.com\/v1\/wp-json\/wp\/v2\/users\/2"}],"replies":[{"embeddable":true,"href":"https:\/\/elmundodelapolitica.com\/v1\/wp-json\/wp\/v2\/comments?post=2067"}],"version-history":[{"count":1,"href":"https:\/\/elmundodelapolitica.com\/v1\/wp-json\/wp\/v2\/posts\/2067\/revisions"}],"predecessor-version":[{"id":2069,"href":"https:\/\/elmundodelapolitica.com\/v1\/wp-json\/wp\/v2\/posts\/2067\/revisions\/2069"}],"wp:featuredmedia":[{"embeddable":true,"href":"https:\/\/elmundodelapolitica.com\/v1\/wp-json\/wp\/v2\/media\/2068"}],"wp:attachment":[{"href":"https:\/\/elmundodelapolitica.com\/v1\/wp-json\/wp\/v2\/media?parent=2067"}],"wp:term":[{"taxonomy":"category","embeddable":true,"href":"https:\/\/elmundodelapolitica.com\/v1\/wp-json\/wp\/v2\/categories?post=2067"},{"taxonomy":"post_tag","embeddable":true,"href":"https:\/\/elmundodelapolitica.com\/v1\/wp-json\/wp\/v2\/tags?post=2067"}],"curies":[{"name":"wp","href":"https:\/\/api.w.org\/{rel}","templated":true}]}}