{"id":2047,"date":"2023-03-09T22:34:48","date_gmt":"2023-03-10T02:34:48","guid":{"rendered":"https:\/\/elmundodelapolitica.com\/v1\/?p=2047"},"modified":"2023-03-09T22:34:50","modified_gmt":"2023-03-10T02:34:50","slug":"gobierno-dominicano-y-cooperacion-alemana-impulsaran-politicas-climaticas-en-jarabacoa","status":"publish","type":"post","link":"https:\/\/elmundodelapolitica.com\/v1\/gobierno-dominicano-y-cooperacion-alemana-impulsaran-politicas-climaticas-en-jarabacoa\/","title":{"rendered":"Gobierno dominicano y cooperaci\u00f3n alemana impulsar\u00e1n pol\u00edticas clim\u00e1ticas en Jarabacoa"},"content":{"rendered":"\n<p>Santo Domingo. &#8211; Representantes del Consejo Nacional para el Cambio Clim\u00e1tico y Mecanismo de Desarrollo Limpio de Rep\u00fablica Dominicana&nbsp;<strong>(CNCCMDL)<\/strong>,<strong>&nbsp;junto con las autoridades del municipio Jarabacoa,<\/strong>&nbsp;conversaron con miembros de la&nbsp;<strong>Asociaci\u00f3n Ecoselva de Alemania y representantes de la alcald\u00eda del municipio alem\u00e1n de Sankt Augustin<\/strong>, a fin de consolidar los lazos de hermandad entre ambas ciudades, con una visi\u00f3n centrada en&nbsp;<strong>la ecolog\u00eda y el desarrollo sostenible<\/strong>.<\/p>\n\n\n\n<p>La reuni\u00f3n se enfoc\u00f3 en identificar las&nbsp;<strong>l\u00edneas de colaboraci\u00f3n viables&nbsp;<\/strong>que involucran a las diversas&nbsp;<strong>instituciones del Estado y el sector privado&nbsp;<\/strong>cuyos prop\u00f3sitos convergen en el&nbsp;<strong>Consejo Nacional para el Cambio Clim\u00e1tico,<\/strong>&nbsp;como l\u00edder de la gobernanza clim\u00e1tica dominicana encargada de transversalizar la acci\u00f3n del Gobierno ante el cambio clim\u00e1tico.<\/p>\n\n\n\n<p><em>\u201cEl municipio de Jarabacoa se ha caracterizado por estar a la vanguardia nacional en estrechar lazos de hermandad con otras ciudades del mundo con aspiraci\u00f3n ecol\u00f3gica. Esa historia de cooperaci\u00f3n cercana est\u00e1 regida por principios fundamentales como la preservaci\u00f3n de los recursos naturales, la promoci\u00f3n del turismo sostenible, el manejo de fuentes de energ\u00eda a partir de recursos renovables, la movilidad sostenible, el desarrollo una infraestructura h\u00eddrica resiliente, el ordenamiento territorial para garantizar el uso adecuado del suelo y el tratamiento de desechos s\u00f3lidos\u201d,<\/em>&nbsp;expres\u00f3&nbsp;<strong>Max Puig, vicepresidente ejecutivo del CNCCMDL<\/strong>, quien encabez\u00f3 el encuentro.<\/p>\n\n\n\n<p>Le acompa\u00f1aron al alcalde de Jarabacoa, Yunior Torres; la presidenta del Concejo de Regidores de esa demarcaci\u00f3n, Yikania Pichardo, y el director ejecutivo del Plan Yaque, Humberto Checo. Tambi\u00e9n participaron el director t\u00e9cnico del Consejo Nacional para el Cambio Clim\u00e1tico, Alan Ram\u00edrez Risk, y la directora administrativa y financiera de esa instituci\u00f3n, Luz Mar\u00eda Abreu.<\/p>\n\n\n\n<p>La delegaci\u00f3n de la contraparte alemana estuvo encabezada por el asistente t\u00e9cnico del alcalde de municipio alem\u00e1n de Sankt Augustin, Rainer Gleb; el jefe de la Oficina Municipal de Protecci\u00f3n de la Naturaleza y el Medio Ambiente de esa localidad alemana, Gerard Kasper; la representante de la Oficina de Personal de Ciudad sin Barreras y Proyectos Especiales, Stefanie Otto, as\u00ed como el director gerente de Ecoselva en la ciudad alemana de Sankt Augustin, Heiner Stienhans.<\/p>\n\n\n\n<p>El&nbsp;<strong>Plan Yaque<\/strong>&nbsp;para el desarrollo sostenible de la cuenca del r\u00edo Yaque del Norte tiene el objetivo de contribuir a la calidad de vida de la poblaci\u00f3n controlando la&nbsp;<strong>erosi\u00f3n, la producci\u00f3n de agua en la zona<\/strong>&nbsp;<strong>y la<\/strong>&nbsp;<strong>adaptaci\u00f3n permanente al calentamiento global y social de la zona.<\/strong><\/p>\n\n\n\n<p>Mientras que Ecoselva es una entidad afiliada al&nbsp;<strong>Ministerio de Cooperaci\u00f3n al Desarrollo de la Rep\u00fablica Federal de Alemania (BMZ)<\/strong>&nbsp;y su meta principal es proteger el bosque tropical de Am\u00e9rica Latina como&nbsp;<strong>patrimonio com\u00fan de la humanidad,<\/strong>&nbsp;promoviendo proyectos ecosociales y fomentando la educaci\u00f3n en pa\u00edses como&nbsp;<strong>Per\u00fa, la India y la Rep\u00fablica Dominicana.<\/strong><\/p>\n","protected":false},"excerpt":{"rendered":"<p>Santo Domingo. &#8211; Representantes del Consejo Nacional para el Cambio Clim\u00e1tico y Mecanismo de Desarrollo Limpio de Rep\u00fablica Dominicana&nbsp;(CNCCMDL),&nbsp;junto con las autoridades del municipio Jarabacoa,&nbsp;conversaron con miembros de la&nbsp;Asociaci\u00f3n Ecoselva&hellip; <\/p>\n","protected":false},"author":2,"featured_media":2048,"comment_status":"closed","ping_status":"closed","sticky":false,"template":"","format":"standard","meta":{"fifu_image_url":"","fifu_image_alt":"","footnotes":""},"categories":[53],"tags":[],"class_list":["post-2047","post","type-post","status-publish","format-standard","has-post-thumbnail","hentry","category-gobierno"],"_links":{"self":[{"href":"https:\/\/elmundodelapolitica.com\/v1\/wp-json\/wp\/v2\/posts\/2047","targetHints":{"allow":["GET"]}}],"collection":[{"href":"https:\/\/elmundodelapolitica.com\/v1\/wp-json\/wp\/v2\/posts"}],"about":[{"href":"https:\/\/elmundodelapolitica.com\/v1\/wp-json\/wp\/v2\/types\/post"}],"author":[{"embeddable":true,"href":"https:\/\/elmundodelapolitica.com\/v1\/wp-json\/wp\/v2\/users\/2"}],"replies":[{"embeddable":true,"href":"https:\/\/elmundodelapolitica.com\/v1\/wp-json\/wp\/v2\/comments?post=2047"}],"version-history":[{"count":1,"href":"https:\/\/elmundodelapolitica.com\/v1\/wp-json\/wp\/v2\/posts\/2047\/revisions"}],"predecessor-version":[{"id":2049,"href":"https:\/\/elmundodelapolitica.com\/v1\/wp-json\/wp\/v2\/posts\/2047\/revisions\/2049"}],"wp:featuredmedia":[{"embeddable":true,"href":"https:\/\/elmundodelapolitica.com\/v1\/wp-json\/wp\/v2\/media\/2048"}],"wp:attachment":[{"href":"https:\/\/elmundodelapolitica.com\/v1\/wp-json\/wp\/v2\/media?parent=2047"}],"wp:term":[{"taxonomy":"category","embeddable":true,"href":"https:\/\/elmundodelapolitica.com\/v1\/wp-json\/wp\/v2\/categories?post=2047"},{"taxonomy":"post_tag","embeddable":true,"href":"https:\/\/elmundodelapolitica.com\/v1\/wp-json\/wp\/v2\/tags?post=2047"}],"curies":[{"name":"wp","href":"https:\/\/api.w.org\/{rel}","templated":true}]}}