{"id":2031,"date":"2023-03-09T14:30:48","date_gmt":"2023-03-09T18:30:48","guid":{"rendered":"https:\/\/elmundodelapolitica.com\/v1\/?p=2031"},"modified":"2023-03-09T14:30:48","modified_gmt":"2023-03-09T18:30:48","slug":"inicia-the-beach-punta-cana-inicia-llenado-piscina-tematica-desarrolla-crystal-lagoons%ef%b8%8f","status":"publish","type":"post","link":"https:\/\/elmundodelapolitica.com\/v1\/inicia-the-beach-punta-cana-inicia-llenado-piscina-tematica-desarrolla-crystal-lagoons%ef%b8%8f\/","title":{"rendered":"Inicia The Beach Punta Cana inicia llenado Piscina Tem\u00e1tica desarrolla Crystal Lagoons\u00ae\ufe0f"},"content":{"rendered":"<div>\n<p><strong>Punta Cana<\/strong>, Rep\u00fablica Dominicana. Marzo 9, 2023.-\u00a0El Consejo de Directores de The Beach en Punta Cana City Place, realiz\u00f3 una presentaci\u00f3n a los medios de comunicaci\u00f3n y brokers invitados, del sistema de filtraci\u00f3n e inicio del llenado de su impresionante piscina tem\u00e1tica desarrollada con la mundialmente famosa tecnolog\u00eda de Crystal Lagoons\u00ae\ufe0f, empresa poseedora del r\u00e9cord mundial Guines\u00ae\ufe0fdel dise\u00f1o y construcci\u00f3n de la piscina m\u00e1s grande del mundo, localizada en San Alfonso Del Mar, Chile.<\/p>\n<p>El Ing. Joan Gonz\u00e1lez, realiz\u00f3 la descripci\u00f3n del conjunto de apartamentos residenciales en 4 tipos y la tecnolog\u00eda empleada para la piscina de 30,000 mt2 y una capacidad de 21 mm de galones de agua cristalina.\u00a0 En el acto, estuvo acompa\u00f1ado de la Dra. Mar\u00eda Luisa Vilorio y Jorge Henr\u00edquez y Angelo Fabri, miembros del consejo quienes compartieron con los asistentes su experiencia en el desarrollo del impresionante conjunto.<\/p>\n<p>\u201cCrystal Lagoons\u00ae posee un sistema con tecnolog\u00eda especial, amigable con el medio ambiente y considerada de \u201cla amenidad m\u00e1s preciada del mundo\u201d. El sistema logra una importante reducci\u00f3n en los costos de mantenimiento por su t\u00e9cnica particular de filtrado y recirculaci\u00f3n. La laguna dise\u00f1ada y construida para nuestro proyecto \u201cThe Beach en Punta Cana City Place\u201d, es la m\u00e1s grande en Rep\u00fablica Dominicana y en la regi\u00f3n del Caribe y centro am\u00e9rica\u201d, manifest\u00f3 Joan Gonz\u00e1lez.<\/p>\n<p>El proyecto cuenta con un dise\u00f1o armonioso que se distribuye por todo el complejo a trav\u00e9s de su luz natural e impresionantes vistas panor\u00e1micas. The Beach ofrece a los residentes una larga lista de actividades recreativas y se encuentra a solo minutos de las mejores tiendas, restaurantes y entretenimiento de Punta Cana. The Beach es un desarrollo \u00fanico que fomenta un estilo de vida activo y aprovecha al m\u00e1ximo todos los lujos que el Caribe tiene para ofrecer.<\/p>\n<p>The Beach, es desarrollado por el Grupo DT Beach y se encuentra en este momento en el proceso de pre entrega a los adquirientes y en la fase inicial de llenado de la laguna, con lo cual dar\u00e1 formal inicio a las operaciones de servicios y amenidades a todos los propietarios del condominio.\u00a0\u00a0<\/p>\n<\/div>\n","protected":false},"excerpt":{"rendered":"<p>Punta Cana, Rep\u00fablica Dominicana. Marzo 9, 2023.-\u00a0El Consejo de Directores de The Beach en Punta Cana City Place, realiz\u00f3 una presentaci\u00f3n a los medios de comunicaci\u00f3n y brokers invitados, del&hellip; <\/p>\n","protected":false},"author":2,"featured_media":0,"comment_status":"closed","ping_status":"closed","sticky":false,"template":"","format":"standard","meta":{"fifu_image_url":"","fifu_image_alt":"","footnotes":""},"categories":[1],"tags":[],"class_list":["post-2031","post","type-post","status-publish","format-standard","hentry","category-sin-categoria"],"_links":{"self":[{"href":"https:\/\/elmundodelapolitica.com\/v1\/wp-json\/wp\/v2\/posts\/2031","targetHints":{"allow":["GET"]}}],"collection":[{"href":"https:\/\/elmundodelapolitica.com\/v1\/wp-json\/wp\/v2\/posts"}],"about":[{"href":"https:\/\/elmundodelapolitica.com\/v1\/wp-json\/wp\/v2\/types\/post"}],"author":[{"embeddable":true,"href":"https:\/\/elmundodelapolitica.com\/v1\/wp-json\/wp\/v2\/users\/2"}],"replies":[{"embeddable":true,"href":"https:\/\/elmundodelapolitica.com\/v1\/wp-json\/wp\/v2\/comments?post=2031"}],"version-history":[{"count":0,"href":"https:\/\/elmundodelapolitica.com\/v1\/wp-json\/wp\/v2\/posts\/2031\/revisions"}],"wp:attachment":[{"href":"https:\/\/elmundodelapolitica.com\/v1\/wp-json\/wp\/v2\/media?parent=2031"}],"wp:term":[{"taxonomy":"category","embeddable":true,"href":"https:\/\/elmundodelapolitica.com\/v1\/wp-json\/wp\/v2\/categories?post=2031"},{"taxonomy":"post_tag","embeddable":true,"href":"https:\/\/elmundodelapolitica.com\/v1\/wp-json\/wp\/v2\/tags?post=2031"}],"curies":[{"name":"wp","href":"https:\/\/api.w.org\/{rel}","templated":true}]}}