{"id":2030,"date":"2023-03-09T13:53:55","date_gmt":"2023-03-09T17:53:55","guid":{"rendered":"https:\/\/elmundodelapolitica.com\/v1\/?p=2030"},"modified":"2023-03-09T13:53:55","modified_gmt":"2023-03-09T17:53:55","slug":"capta-banreservas-inversiones-turisticas-us525-millones-itb-berlin","status":"publish","type":"post","link":"https:\/\/elmundodelapolitica.com\/v1\/capta-banreservas-inversiones-turisticas-us525-millones-itb-berlin\/","title":{"rendered":"Capta Banreservas inversiones tur\u00edsticas US$525 millones ITB Berl\u00edn"},"content":{"rendered":"<div>\n<p><em>Empresas internacionales muestran inter\u00e9s en Miches y Punta Bergant\u00edn<\/em><\/p>\n<p>El administrador general del Banco de Reservas, Samuel Pereyra, inform\u00f3 que la instituci\u00f3n financiera capt\u00f3 inversiones tur\u00edsticas para el pa\u00eds superiores a los US$525 millones, como resultado de m\u00e1s 30 reuniones con inversionistas hoteleros en la feria ITB Berl\u00edn, celebrada en la capital alemana del 7 al 9 de este mes.<\/p>\n<p>Dijo que los acuerdos preliminares con empresarios representantes de diversos grupos hoteleros requerir\u00e1n financiamiento por unos US$260 millones para diversos proyectos a corto, mediano y largo plazo.\u00a0<\/p>\n<p>Las inversiones para proyectos identificados aportar\u00e1n unas 1,800 nuevas habitaciones, adem\u00e1s de la reforma o reconversi\u00f3n de otras 815 habitaciones por cambio de marca hotelera, precis\u00f3 Pereyra.\u00a0<\/p>\n<p>Dijo que tambi\u00e9n se gestionaron negocios con importantes inversionistas vinculados a la amplia cadena de valor del turismo, como son tour operadores y representantes de servicios complementarios del sector.<\/p>\n<p>En los encuentros con la delegaci\u00f3n de negocios de Banreservas, los empresarios mostraron un inter\u00e9s especial en los polos emergentes de Miches y Punta Bergant\u00edn, que cuentan con el respaldo de la instituci\u00f3n financiera y el Ministerio de Turismo.<\/p>\n<p>El\u00a0Banco de Reservas\u00a0particip\u00f3 en ITB Berl\u00edn, una de las ferias de turismo m\u00e1s relevantes del mundo, con el objetivo de atraer turistas y empresas hoteleras e incrementar as\u00ed la inversi\u00f3n extranjera con capacidad para instalar compa\u00f1\u00edas o infraestructuras tur\u00edsticas en Rep\u00fablica Dominicana.<\/p>\n<p>Para cautivar a los visitantes con la cultura y las bellezas naturales dominicanas, el Banco present\u00f3 en ITB Berl\u00edn la exposici\u00f3n \u201cLa Riqueza Dominicana\u201d, del fot\u00f3grafo Eladio Fern\u00e1ndez.\u00a0<\/p>\n<p>Las 12 piezas de la muestra pict\u00f3rica luego fueron donadas a la Embajada Dominicana ante la Rep\u00fablica Federal Alemana, en un acto que cont\u00f3 con la presencia del embajador Francisco Caraballo y su esposa Laura Yaryura de Caraballo, as\u00ed como ejecutivos del banco y personal diplom\u00e1tico.<\/p>\n<\/div>\n","protected":false},"excerpt":{"rendered":"<p>Empresas internacionales muestran inter\u00e9s en Miches y Punta Bergant\u00edn El administrador general del Banco de Reservas, Samuel Pereyra, inform\u00f3 que la instituci\u00f3n financiera capt\u00f3 inversiones tur\u00edsticas para el pa\u00eds superiores&hellip; <\/p>\n","protected":false},"author":2,"featured_media":0,"comment_status":"closed","ping_status":"closed","sticky":false,"template":"","format":"standard","meta":{"fifu_image_url":"","fifu_image_alt":"","footnotes":""},"categories":[1],"tags":[],"class_list":["post-2030","post","type-post","status-publish","format-standard","hentry","category-sin-categoria"],"_links":{"self":[{"href":"https:\/\/elmundodelapolitica.com\/v1\/wp-json\/wp\/v2\/posts\/2030","targetHints":{"allow":["GET"]}}],"collection":[{"href":"https:\/\/elmundodelapolitica.com\/v1\/wp-json\/wp\/v2\/posts"}],"about":[{"href":"https:\/\/elmundodelapolitica.com\/v1\/wp-json\/wp\/v2\/types\/post"}],"author":[{"embeddable":true,"href":"https:\/\/elmundodelapolitica.com\/v1\/wp-json\/wp\/v2\/users\/2"}],"replies":[{"embeddable":true,"href":"https:\/\/elmundodelapolitica.com\/v1\/wp-json\/wp\/v2\/comments?post=2030"}],"version-history":[{"count":0,"href":"https:\/\/elmundodelapolitica.com\/v1\/wp-json\/wp\/v2\/posts\/2030\/revisions"}],"wp:attachment":[{"href":"https:\/\/elmundodelapolitica.com\/v1\/wp-json\/wp\/v2\/media?parent=2030"}],"wp:term":[{"taxonomy":"category","embeddable":true,"href":"https:\/\/elmundodelapolitica.com\/v1\/wp-json\/wp\/v2\/categories?post=2030"},{"taxonomy":"post_tag","embeddable":true,"href":"https:\/\/elmundodelapolitica.com\/v1\/wp-json\/wp\/v2\/tags?post=2030"}],"curies":[{"name":"wp","href":"https:\/\/api.w.org\/{rel}","templated":true}]}}