{"id":2006,"date":"2023-03-07T14:00:22","date_gmt":"2023-03-07T18:00:22","guid":{"rendered":"https:\/\/elmundodelapolitica.com\/v1\/?p=2006"},"modified":"2023-03-07T14:00:22","modified_gmt":"2023-03-07T18:00:22","slug":"en-apertura-itb-collado-busca-fortalecer-turismo-aleman-a-r-d","status":"publish","type":"post","link":"https:\/\/elmundodelapolitica.com\/v1\/en-apertura-itb-collado-busca-fortalecer-turismo-aleman-a-r-d\/","title":{"rendered":"En apertura ITB Collado busca fortalecer turismo alem\u00e1n a R.D."},"content":{"rendered":"<div>\n<p><strong>Berl\u00edn<\/strong>, Alemania. Marzo 7, 2023.-\u00a0El ministro de Turismo, David Collado, inaugur\u00f3 este martes el stand dominicano en la feria tur\u00edstica ITB-Berl\u00edn, donde garantiz\u00f3 que trabaja para la recuperaci\u00f3n total del turismo alem\u00e1n.<\/p>\n<p>\u00abEstamos aqu\u00ed, en la ITB-Berl\u00edn, para trabajar, junto al sector privado, en la recuperaci\u00f3n total del turismo alem\u00e1n, por la importancia de este mercado\u00bb, dijo el ministro Collado.<\/p>\n<p>Record\u00f3 que Alemania fue en su momento el principal emisor de turistas europeo, por lo que entiende, que lleg\u00f3 el momento de recuperar esos n\u00fameros.<\/p>\n<p>\u00abLleg\u00f3 el momento de recuperar el mercado alem\u00e1n, de que volvamos a ser su destino favorito de larga distancia\u00bb, proclam\u00f3 el ministro dominicano de Turismo.<\/p>\n<p>En el stand dominicano, de 448 metros cuadrados, participan 26 co-expositores del sector privado, as\u00ed como representantes de la banca nacional.<\/p>\n<p>Adem\u00e1s de Collado, en el acto habl\u00f3 el empresario Frank Rainieri, quien destac\u00f3 la importancia que tiene el mercado alem\u00e1n para Rep\u00fablica Dominicana.<\/p>\n<p>\u00abGracias ministro (David Collado) por estar aqu\u00ed en Berl\u00edn, trabajando para recuperar el mercado alem\u00e1n\u00bb, manifest\u00f3 el fundador del Grupo Punta Cana.<\/p>\n<p>Rainieri felicit\u00f3, tambi\u00e9n, al ministro Collado por el \u00e9xito que logr\u00f3 en el roadshow que present\u00f3 a 250 turoperadores y agentes de viajes la noche del lunes.\u00a0<\/p>\n<p>En ese evento el funcionario present\u00f3 las bondades y la diversificaci\u00f3n del turismo dominicano.<\/p>\n<p>Agentes de viajes, turoperadores, due\u00f1os de l\u00edneas a\u00e9reas expresaron su satisfacci\u00f3n por la presentaci\u00f3n que hizo el ministro Collado.<\/p>\n<\/div>\n","protected":false},"excerpt":{"rendered":"<p>Berl\u00edn, Alemania. Marzo 7, 2023.-\u00a0El ministro de Turismo, David Collado, inaugur\u00f3 este martes el stand dominicano en la feria tur\u00edstica ITB-Berl\u00edn, donde garantiz\u00f3 que trabaja para la recuperaci\u00f3n total del&hellip; <\/p>\n","protected":false},"author":2,"featured_media":0,"comment_status":"closed","ping_status":"closed","sticky":false,"template":"","format":"standard","meta":{"fifu_image_url":"","fifu_image_alt":"","footnotes":""},"categories":[1],"tags":[],"class_list":["post-2006","post","type-post","status-publish","format-standard","hentry","category-sin-categoria"],"_links":{"self":[{"href":"https:\/\/elmundodelapolitica.com\/v1\/wp-json\/wp\/v2\/posts\/2006","targetHints":{"allow":["GET"]}}],"collection":[{"href":"https:\/\/elmundodelapolitica.com\/v1\/wp-json\/wp\/v2\/posts"}],"about":[{"href":"https:\/\/elmundodelapolitica.com\/v1\/wp-json\/wp\/v2\/types\/post"}],"author":[{"embeddable":true,"href":"https:\/\/elmundodelapolitica.com\/v1\/wp-json\/wp\/v2\/users\/2"}],"replies":[{"embeddable":true,"href":"https:\/\/elmundodelapolitica.com\/v1\/wp-json\/wp\/v2\/comments?post=2006"}],"version-history":[{"count":0,"href":"https:\/\/elmundodelapolitica.com\/v1\/wp-json\/wp\/v2\/posts\/2006\/revisions"}],"wp:attachment":[{"href":"https:\/\/elmundodelapolitica.com\/v1\/wp-json\/wp\/v2\/media?parent=2006"}],"wp:term":[{"taxonomy":"category","embeddable":true,"href":"https:\/\/elmundodelapolitica.com\/v1\/wp-json\/wp\/v2\/categories?post=2006"},{"taxonomy":"post_tag","embeddable":true,"href":"https:\/\/elmundodelapolitica.com\/v1\/wp-json\/wp\/v2\/tags?post=2006"}],"curies":[{"name":"wp","href":"https:\/\/api.w.org\/{rel}","templated":true}]}}