{"id":200,"date":"2022-05-03T01:13:58","date_gmt":"2022-05-03T05:13:58","guid":{"rendered":"http:\/\/www.elmundodelapolitica.com\/v2\/?p=25298"},"modified":"2022-05-03T01:13:58","modified_gmt":"2022-05-03T05:13:58","slug":"sugiere-fp-dejar-libre-arancel-materias-primas-productos-canasta-basica-familiar","status":"publish","type":"post","link":"https:\/\/elmundodelapolitica.com\/v1\/sugiere-fp-dejar-libre-arancel-materias-primas-productos-canasta-basica-familiar\/","title":{"rendered":"Sugiere FP dejar libre arancel materias primas productos canasta b\u00e1sica familiar"},"content":{"rendered":"\n<p><strong>Moca, Prov. Espaillat.<\/strong>&#8211; El partido Fuerza del Pueblo exhort\u00f3 al Gobierno a que adopte una serie de medidas con el objetivo de contrarrestar el alza constante de los precios, entre las que se resalta dejar libre de arancel a las materias primas utilizadas para productos de la Canasta B\u00e1sica Familiar.<br>\u201cFuerza del Pueblo hace un llamado al actual Gobierno y a las autoridades del sector agropecuario para que se aboquen a la implementaci\u00f3n de pol\u00edticas p\u00fablicas que permitan la aplicaci\u00f3n de medidas efectivas y transparentes frente a los productores y consumidores nacionales, tales como: a) Dejar libre de arancel las materias primas utilizadas para productos de la Canasta B\u00e1sica Familiar\u201d, indica el documento le\u00eddo por el secretario de Desarrollo Rural, Modesto Reyes Valent\u00edn, en una conferencia de prensa convocada en esta ciudad.<\/p>\n\n\n\n<p><br>Adem\u00e1s, la FP plantea al Gobierno \u201cFortalecer el cr\u00e9dito agropecuario, respetar los acuerdos y cuotas de producci\u00f3n, realizar una pol\u00edtica efectiva de regulaci\u00f3n de precios, evitar niveles excesivos de intermediaci\u00f3n, controlar con pol\u00edticas p\u00fablicas la especulaci\u00f3n de los productos de primera necesidad y reponer a los t\u00e9cnicos cancelados del sector agropecuario\u201d.<br>Las declaraciones fueron emitidas previo al inicio del Foro Tem\u00e1tico que organiza en diferentes provincias la Secretar\u00eda de Formaci\u00f3n Pol\u00edtica de la FP, que en esta ocasi\u00f3n se realiz\u00f3 en Espaillat.\u00a0<\/p>\n\n\n\n<p><br>Este foro cont\u00f3 con las exposiciones de los productores av\u00edcolas Esteban Ferreiras P\u00e9rez, Xiomara Valerio de Nazir, Alfredo Compr\u00e9s y, del abogado Rafael Paz, quien adem\u00e1s es miembro de la Direcci\u00f3n Pol\u00edtica de FP y secretario de Transformaci\u00f3n Digital, Sociedad Civil y Sector Privado de la entidad; la moderaci\u00f3n estuvo a cargo de Eusebio Guzm\u00e1n.<\/p>\n\n\n\n<p><br>Al leer el documento, Modesto Reyes Valent\u00edn, dijo que los pollos y huevos son la fuente de prote\u00edna animal de mayor consumo de la poblaci\u00f3n dominicana. \u201cSin embargo, hoy d\u00eda se atenta, de manera abusiva, con la estabilidad de este importante subsector de la producci\u00f3n pecuaria nacional. La situaci\u00f3n de la producci\u00f3n de pollos y huevos se torna cada vez m\u00e1s preocupante ante el manejo inadecuado de las autoridades del sector agropecuario y del Gobierno del presidente Abinader\u201d, precis\u00f3.<\/p>\n\n\n\n<p><br>Sostuvo que, \u201cEl subsector av\u00edcola, indiscutiblemente est\u00e1 siendo afectado por factores internacionales, sin embargo, los efectos de factores nacionales expresados en la falta de implementaci\u00f3n de pol\u00edticas p\u00fablicas acertadas del presente gobierno colocan en una dif\u00edcil situaci\u00f3n a la producci\u00f3n local de pollos y huevos y a todo el sector agropecuario nacional\u201d.<\/p>\n\n\n\n<p><br>El secretario de Desarrollo Rural de la FP estuvo acompa\u00f1ado en la rueda de prensa de miembros de la Direcci\u00f3n Provincial de Espaillat.\u00a0<\/p>\n\n\n\n<p><br>El partido, a trav\u00e9s de esa Secretar\u00eda, critica que ante la crisis mundial \u201cel gobierno gestion\u00f3 la aprobaci\u00f3n de la ley Tasa Cero para 67 productos exentos de arancel, entre los cuales se encuentran las carnes de pollo, de cerdo, de res, las habichuela, los gandules, el ajo y el pan, entre otros productos de la Canasta B\u00e1sica Familiar.\u00a0<\/p>\n\n\n\n<p><br>De esa manera, nuestro pa\u00eds permitir\u00eda, por seis meses, la importaci\u00f3n de 67 productos sin pagar impuestos en la aduana, mientras los dominicanos no tendr\u00edamos derecho a la reciprocidad, es decir, no podr\u00edamos exportar a esos pa\u00edses en iguales condiciones\u201d.<\/p>\n\n\n\n<p><br>Los dirigentes pol\u00edticos recordaron que una amplia representaci\u00f3n del sector productivo nacional ha manifestado que la Ley de Tasa Cero afectar\u00e1 a cerca del 25% de la econom\u00eda nacional. \u201cEn el caso particular de los productores av\u00edcolas, dicha ley le genera desconfianza e incertidumbre\u201d, se\u00f1ala el documento le\u00eddo.<\/p>\n\n\n\n<p><br>Manifiestan que, a los consumidores dominicanos el Gobierno ha pretendido hacerle creer que una eliminaci\u00f3n temporal de los impuestos aduanales a trav\u00e9s de la Tasa Cero, conlleva a una disminuci\u00f3n de los precios de los alimentos, puntualizando en las declaraciones de Reyes Valent\u00edn que, \u201cEl gobierno enga\u00f1a a los consumidores y a la poblaci\u00f3n en general, anunciando medidas que muy poco o en nada impactan los precios de los productos de la canasta b\u00e1sica familiar\u201d.<\/p>\n\n\n\n<p><br>Seg\u00fan aseguran, la ausencia de pol\u00edticas p\u00fablicas del Gobierno para proteger a los productores nacionales de pollos y huevos tambi\u00e9n es evidente. \u201cHoy d\u00eda los productores de huevos pierden millones de pesos diarios a causa de vender a precios que est\u00e1n por debajo del costo de producci\u00f3n, es decir, que su costo de producci\u00f3n actual es de alrededor de 5.18 pesos la unidad y el precio de venta a los intermediarios en granja est\u00e1 alrededor de 4.30 pesos los huevos grandes, por lo que los productores pierden alrededor de 8.0 millones de pesos diarios\u201d, contin\u00faa diciendo el documento que fue le\u00eddo en presencia de miembros de la prensa.<\/p>\n\n\n\n<p><br>\u201cLos problemas locales para la producci\u00f3n de huevos son generados por el propio Gobierno, al no respetar los acuerdos establecidos para la importaci\u00f3n de reproductoras, mientras se acord\u00f3 importar 90,000 el Gobierno autoriz\u00f3 130,000 reproductoras, por lo que adem\u00e1s del incumplimiento de los acuerdos, tambi\u00e9n se demuestra la falta de planificaci\u00f3n de las autoridades del sector agropecuario del presente gobierno\u201d, agrega el documento.<\/p>\n\n\n\n<p><br>Finalmente, la organizaci\u00f3n que preside Leonel Fern\u00e1ndez, hace un llamado al Gobierno, pues en vista de que en Estados Unidos y Europa millones de aves de corral y gallinas ponedoras fueron sacrificadas por los brotes de la gripe aviar, por lo que se\u00f1alan que, \u201cesta situaci\u00f3n nos lleva a reafirmar con mayor fuerza la necesidad de proteger la producci\u00f3n nacional.\u00a0Adem\u00e1s, se agrega otro factor de preocupaci\u00f3n ante la posible entrada de nuevas cepas al pa\u00eds, en momentos que el sistema sanitario ha sido debilitado por las cancelaciones de t\u00e9cnicos especializados en el \u00e1rea de la sanidad animal\u201d.<\/p>\n","protected":false},"excerpt":{"rendered":"<p>Moca, Prov. Espaillat.&#8211; El partido Fuerza del Pueblo exhort\u00f3 al Gobierno a que adopte una serie de medidas con el objetivo de contrarrestar el alza constante de los precios, entre&hellip; <\/p>\n","protected":false},"author":2,"featured_media":201,"comment_status":"closed","ping_status":"open","sticky":false,"template":"","format":"standard","meta":{"fifu_image_url":"","fifu_image_alt":"","footnotes":""},"categories":[21],"tags":[],"class_list":["post-200","post","type-post","status-publish","format-standard","has-post-thumbnail","hentry","category-economia"],"_links":{"self":[{"href":"https:\/\/elmundodelapolitica.com\/v1\/wp-json\/wp\/v2\/posts\/200","targetHints":{"allow":["GET"]}}],"collection":[{"href":"https:\/\/elmundodelapolitica.com\/v1\/wp-json\/wp\/v2\/posts"}],"about":[{"href":"https:\/\/elmundodelapolitica.com\/v1\/wp-json\/wp\/v2\/types\/post"}],"author":[{"embeddable":true,"href":"https:\/\/elmundodelapolitica.com\/v1\/wp-json\/wp\/v2\/users\/2"}],"replies":[{"embeddable":true,"href":"https:\/\/elmundodelapolitica.com\/v1\/wp-json\/wp\/v2\/comments?post=200"}],"version-history":[{"count":0,"href":"https:\/\/elmundodelapolitica.com\/v1\/wp-json\/wp\/v2\/posts\/200\/revisions"}],"wp:featuredmedia":[{"embeddable":true,"href":"https:\/\/elmundodelapolitica.com\/v1\/wp-json\/wp\/v2\/media\/201"}],"wp:attachment":[{"href":"https:\/\/elmundodelapolitica.com\/v1\/wp-json\/wp\/v2\/media?parent=200"}],"wp:term":[{"taxonomy":"category","embeddable":true,"href":"https:\/\/elmundodelapolitica.com\/v1\/wp-json\/wp\/v2\/categories?post=200"},{"taxonomy":"post_tag","embeddable":true,"href":"https:\/\/elmundodelapolitica.com\/v1\/wp-json\/wp\/v2\/tags?post=200"}],"curies":[{"name":"wp","href":"https:\/\/api.w.org\/{rel}","templated":true}]}}