{"id":1997,"date":"2023-03-07T01:03:53","date_gmt":"2023-03-07T05:03:53","guid":{"rendered":"https:\/\/elmundodelapolitica.com\/v1\/?p=1997"},"modified":"2023-03-07T01:03:53","modified_gmt":"2023-03-07T05:03:53","slug":"el-ministerio-de-justicia-de-arabia-saudita-anuncia-los-temas-de-tecnologia-judicial-que-se-debatiran-en-la-primera-conferencia-internacional-sobre-justicia","status":"publish","type":"post","link":"https:\/\/elmundodelapolitica.com\/v1\/el-ministerio-de-justicia-de-arabia-saudita-anuncia-los-temas-de-tecnologia-judicial-que-se-debatiran-en-la-primera-conferencia-internacional-sobre-justicia\/","title":{"rendered":"El Ministerio de Justicia de Arabia Saudita anuncia los temas de tecnolog\u00eda judicial que se debatir\u00e1n en la primera Conferencia Internacional sobre Justicia"},"content":{"rendered":"<p>RIAD, Arabia Saudita&#8211;(BUSINESS WIRE)&#8211;El Ministerio de Justicia saud\u00ed ha dado a conocer los temas de la Conferencia Internacional sobre Justicia que se celebrar\u00e1 en Riad los d\u00edas 5 y 6 de marzo de 2023. Con el lema \u00abFacilitar el acceso a la justicia a trav\u00e9s de la innovaci\u00f3n digital\u00bb, la Conferencia reunir\u00e1 a expertos, juristas y responsables clave de los sectores jur\u00eddicos de m\u00e1s de 30 pa\u00edses para debatir sobre el futuro de la tecnolog\u00eda y la digitalizaci\u00f3n en el \u00e1mbito de la justicia.<\/p>\n<p>Bajo el lema \u00abEl futuro del sistema judicial en el marco de la transformaci\u00f3n digital\u00bb, la primera sesi\u00f3n contar\u00e1 con la participaci\u00f3n del ministro de Justicia de Arabia Saudita, Walid Al-Samaani, el ministro de Interior de Singapur, K. Shanmugam, la ministra de Justicia de T\u00fanez, Leila Jaffel, y el vicepresidente de la Agencia de la Uni\u00f3n Europea para la Cooperaci\u00f3n Judicial Penal, Bo\u0161tjan \u0160krlec.<\/p>\n<p>Durante las sesiones se analizar\u00e1n temas como \u00abExperiencias internacionales en la transformaci\u00f3n digital del sector de la justicia\u00bb, \u00abLa dimensi\u00f3n jur\u00eddica de la inteligencia artificial\u00bb y \u00abEl uso de la inteligencia artificial para mejorar la justicia\u00bb.<\/p>\n<p>En otras sesiones se tratar\u00e1 el \u00abAn\u00e1lisis de datos para mejorar la justicia\u00bb. Se incluir\u00e1, por ejemplo, los m\u00e9todos de predicci\u00f3n de sentencias judiciales y el futuro del an\u00e1lisis de datos en el sector de la justicia.<\/p>\n<p>En esta conferencia tambi\u00e9n se debatir\u00e1 sobre el \u00abFuturo de la resoluci\u00f3n alternativa de litigios (ADR, por sus siglas en ingl\u00e9s) en el marco de la transformaci\u00f3n digital\u00bb, incluido el futuro de la mediaci\u00f3n ante la transformaci\u00f3n digital, as\u00ed como los espacios y el futuro del desarrollo digital en la ADR.<\/p>\n<p>*Fuente: AETOSWire<\/p>\n<p>El texto original en el idioma fuente de este comunicado es la versi\u00f3n oficial autorizada. Las traducciones solo se suministran como adaptaci\u00f3n y deben cotejarse con el texto en el idioma fuente, que es la \u00fanica versi\u00f3n del texto que tendr\u00e1 un efecto legal.<br \/>\n Contacts<br \/>\nHussam Alnemr<br \/>\npress@moj.gov.sa<\/p>\n","protected":false},"excerpt":{"rendered":"<div>\n<p>RIAD, Arabia Saudita&#8211;(BUSINESS WIRE)&#8211;El Ministerio de Justicia saud\u00ed ha dado a conocer los temas de la Conferencia Internacional sobre Justicia que se celebrar\u00e1 en Riad los d\u00edas 5 y 6 de marzo de 2023. Con el lema \u00abFacilitar el acceso a la justicia a trav\u00e9s de la innovaci\u00f3n digital\u00bb, la Conferencia reunir\u00e1 a expertos, juristas y responsables clave de los sectores jur\u00eddicos de m\u00e1s de 30 pa\u00edses para debatir sobre el futuro de la tecnolog\u00eda y la digitalizaci\u00f3n en el \u00e1mbito de la justicia.\n<\/p>\n<p><a href=\"https:\/\/mms.businesswire.com\/media\/20230306005501\/es\/1730547\/5\/International_Conference_on_Justice_-_Logo.jpg\"><img decoding=\"async\" src=\"https:\/\/mms.businesswire.com\/media\/20230306005500\/en\/1730547\/21\/International_Conference_on_Justice_-_Logo.jpg\"><\/a><\/p>\n<p>\nBajo el lema \u00abEl futuro del sistema judicial en el marco de la transformaci\u00f3n digital\u00bb, la primera sesi\u00f3n contar\u00e1 con la participaci\u00f3n del ministro de Justicia de Arabia Saudita, Walid Al-Samaani, el ministro de Interior de Singapur, K. Shanmugam, la ministra de Justicia de T\u00fanez, Leila Jaffel, y el vicepresidente de la Agencia de la Uni\u00f3n Europea para la Cooperaci\u00f3n Judicial Penal, Bo\u0161tjan \u0160krlec.\n<\/p>\n<p>\nDurante las sesiones se analizar\u00e1n temas como \u00abExperiencias internacionales en la transformaci\u00f3n digital del sector de la justicia\u00bb, \u00abLa dimensi\u00f3n jur\u00eddica de la inteligencia artificial\u00bb y \u00abEl uso de la inteligencia artificial para mejorar la justicia\u00bb.\n<\/p>\n<p>\nEn otras sesiones se tratar\u00e1 el \u00abAn\u00e1lisis de datos para mejorar la justicia\u00bb. Se incluir\u00e1, por ejemplo, los m\u00e9todos de predicci\u00f3n de sentencias judiciales y el futuro del an\u00e1lisis de datos en el sector de la justicia.\n<\/p>\n<p>\nEn esta conferencia tambi\u00e9n se debatir\u00e1 sobre el \u00abFuturo de la resoluci\u00f3n alternativa de litigios (ADR, por sus siglas en ingl\u00e9s) en el marco de la transformaci\u00f3n digital\u00bb, incluido el futuro de la mediaci\u00f3n ante la transformaci\u00f3n digital, as\u00ed como los espacios y el futuro del desarrollo digital en la ADR.\n<\/p>\n<p>\n<b>*Fuente: <a target=\"_blank\" href=\"https:\/\/cts.businesswire.com\/ct\/CT?id=smartlink&amp;url=https%3A%2F%2Fwww.aetoswire.com%2Fen%2Fnews%2F0606032023005eng&amp;esheet=53356719&amp;newsitemid=20230306005501&amp;lan=es-AR&amp;anchor=AETOSWire&amp;index=1&amp;md5=9b6e1ca287ec46012011fe1c46b23646\" rel=\"nofollow noopener\">AETOSWire<\/a><\/b>\n<\/p>\n<p>\nEl texto original en el idioma fuente de este comunicado es la versi\u00f3n oficial autorizada. Las traducciones solo se suministran como adaptaci\u00f3n y deben cotejarse con el texto en el idioma fuente, que es la \u00fanica versi\u00f3n del texto que tendr\u00e1 un efecto legal.\n<\/p>\n<p> <b>Contacts<\/b> <\/p>\n<p>\nHussam Alnemr<br \/>\n<br \/><a target=\"_blank\" href=\"mailto:press@moj.gov.sa\" rel=\"nofollow noopener\">press@moj.gov.sa<\/a>\n<\/p>\n<\/div>\n","protected":false},"author":2,"featured_media":0,"comment_status":"closed","ping_status":"closed","sticky":false,"template":"","format":"standard","meta":{"fifu_image_url":"","fifu_image_alt":"","footnotes":""},"categories":[44],"tags":[],"class_list":["post-1997","post","type-post","status-publish","format-standard","hentry","category-business-wire"],"_links":{"self":[{"href":"https:\/\/elmundodelapolitica.com\/v1\/wp-json\/wp\/v2\/posts\/1997","targetHints":{"allow":["GET"]}}],"collection":[{"href":"https:\/\/elmundodelapolitica.com\/v1\/wp-json\/wp\/v2\/posts"}],"about":[{"href":"https:\/\/elmundodelapolitica.com\/v1\/wp-json\/wp\/v2\/types\/post"}],"author":[{"embeddable":true,"href":"https:\/\/elmundodelapolitica.com\/v1\/wp-json\/wp\/v2\/users\/2"}],"replies":[{"embeddable":true,"href":"https:\/\/elmundodelapolitica.com\/v1\/wp-json\/wp\/v2\/comments?post=1997"}],"version-history":[{"count":0,"href":"https:\/\/elmundodelapolitica.com\/v1\/wp-json\/wp\/v2\/posts\/1997\/revisions"}],"wp:attachment":[{"href":"https:\/\/elmundodelapolitica.com\/v1\/wp-json\/wp\/v2\/media?parent=1997"}],"wp:term":[{"taxonomy":"category","embeddable":true,"href":"https:\/\/elmundodelapolitica.com\/v1\/wp-json\/wp\/v2\/categories?post=1997"},{"taxonomy":"post_tag","embeddable":true,"href":"https:\/\/elmundodelapolitica.com\/v1\/wp-json\/wp\/v2\/tags?post=1997"}],"curies":[{"name":"wp","href":"https:\/\/api.w.org\/{rel}","templated":true}]}}