{"id":1989,"date":"2023-03-06T12:11:57","date_gmt":"2023-03-06T16:11:57","guid":{"rendered":"https:\/\/elmundodelapolitica.com\/v1\/?p=1989"},"modified":"2023-03-06T12:11:57","modified_gmt":"2023-03-06T16:11:57","slug":"augura-presidente-adocem-crecimiento-sector-construccion-r-d","status":"publish","type":"post","link":"https:\/\/elmundodelapolitica.com\/v1\/augura-presidente-adocem-crecimiento-sector-construccion-r-d\/","title":{"rendered":"Augura Presidente ADOCEM crecimiento sector construcci\u00f3n R.D."},"content":{"rendered":"<div>\n<p><strong>Santo Domingo<\/strong>, Rep\u00fablica Dominicana. Marzo 2023.<strong>\u2013<\/strong><strong>\u00a0<\/strong>La Asociaci\u00f3n Dominicana de Productores de Cemento Portland (ADOCEM) vislumbr\u00f3 un futuro promisorio\u00a0del sector\u00a0de la construcci\u00f3n\u00a0en el pa\u00eds\u00a0y por ende\u00a0de la industria productora\u00a0cemento, producto\u00a0del\u00a0anuncio de las nuevas obras en proyectos de vivienda social e infraestructura\u00a0vial\u00a0que destacara\u00a0el presidente\u00a0de la\u00a0Rep\u00fablica, Luis\u00a0Abinader, en\u00a0su discurso\u00a0de rendici\u00f3n de cuentas del pasado 27 de febrero.<\/p>\n<p>El\u00a0presidente de ADOCEM, Felix Gonz\u00e1lez,\u00a0resalt\u00f3: \u201cEste anuncio es sumamente importante para todos los que integramos la industria de la construcci\u00f3n y los dem\u00e1s sectores econ\u00f3micos a los cuales impacta nuestra actividad. Pues se\u00a0conoce que\u00a0el sector de la construcci\u00f3n\u00a0es\u00a0una de las principales actividades econ\u00f3micas\u00a0del pa\u00eds, por su efecto multiplicador, a trav\u00e9s de la demanda de insumos de fabricaci\u00f3n local para los diversos tipos de edificaciones, la generaci\u00f3n de empleos y la demanda de cr\u00e9dito para el desarrollo de proyectos de infraestructura tanto privados como p\u00fablicos y para la adquisici\u00f3n de viviendas.\u201d<\/p>\n<p>ADOCEM destac\u00f3, tambi\u00e9n,\u00a0lo rese\u00f1ado por el\u00a0presidente\u00a0con\u00a0relaci\u00f3n al\u00a0poder adquisitivo del salario m\u00ednimo de los dominicanos en diferentes puntos en el tiempo,\u00a0ejercicio que la entidad ha venido haciendo desde el a\u00f1o 2012 en relaci\u00f3n con el cemento, cuyos resultados reflejan que el salario m\u00ednimo actual, permite comprar\u00a0en una ferreter\u00eda\u00a0casi el doble de fundas de cemento que en el 2012, en el que se pod\u00edan adquirir 23 fundas y al 2022 aproximadamente 41 fundas, como reflejo del buen desempe\u00f1o de la econom\u00eda en sentido general.\u00a0<\/p>\n<p>\u201cEntendemos que el a\u00f1o 2023 trae consigo un componente de incertidumbre importante pues muchos de los principales temas que han afectado la econom\u00eda de los pa\u00edses se mantienen (inflaci\u00f3n, conflictos geopol\u00edticos etc.) no obstante, confiamos que el pa\u00eds continuara su ritmo de crecimiento y tomando las medidas adecuadas para garantizar la estabilidad, \u00a0esto se va a manifestar en el desempe\u00f1o de todos los sectores econ\u00f3micos, incluidos el de la construcci\u00f3n, que es reconocido como punta de lanza del crecimiento econ\u00f3mico y es por esto que el Gobierno estar\u00e1 tomando medidas para mantener el ritmo de crecimiento de la inversi\u00f3n p\u00fablica en nuestro sector.\u201d<\/p>\n<\/div>\n","protected":false},"excerpt":{"rendered":"<p>Santo Domingo, Rep\u00fablica Dominicana. Marzo 2023.\u2013\u00a0La Asociaci\u00f3n Dominicana de Productores de Cemento Portland (ADOCEM) vislumbr\u00f3 un futuro promisorio\u00a0del sector\u00a0de la construcci\u00f3n\u00a0en el pa\u00eds\u00a0y por ende\u00a0de la industria productora\u00a0cemento, producto\u00a0del\u00a0anuncio de&hellip; <\/p>\n","protected":false},"author":2,"featured_media":0,"comment_status":"closed","ping_status":"closed","sticky":false,"template":"","format":"standard","meta":{"fifu_image_url":"","fifu_image_alt":"","footnotes":""},"categories":[1],"tags":[],"class_list":["post-1989","post","type-post","status-publish","format-standard","hentry","category-sin-categoria"],"_links":{"self":[{"href":"https:\/\/elmundodelapolitica.com\/v1\/wp-json\/wp\/v2\/posts\/1989","targetHints":{"allow":["GET"]}}],"collection":[{"href":"https:\/\/elmundodelapolitica.com\/v1\/wp-json\/wp\/v2\/posts"}],"about":[{"href":"https:\/\/elmundodelapolitica.com\/v1\/wp-json\/wp\/v2\/types\/post"}],"author":[{"embeddable":true,"href":"https:\/\/elmundodelapolitica.com\/v1\/wp-json\/wp\/v2\/users\/2"}],"replies":[{"embeddable":true,"href":"https:\/\/elmundodelapolitica.com\/v1\/wp-json\/wp\/v2\/comments?post=1989"}],"version-history":[{"count":0,"href":"https:\/\/elmundodelapolitica.com\/v1\/wp-json\/wp\/v2\/posts\/1989\/revisions"}],"wp:attachment":[{"href":"https:\/\/elmundodelapolitica.com\/v1\/wp-json\/wp\/v2\/media?parent=1989"}],"wp:term":[{"taxonomy":"category","embeddable":true,"href":"https:\/\/elmundodelapolitica.com\/v1\/wp-json\/wp\/v2\/categories?post=1989"},{"taxonomy":"post_tag","embeddable":true,"href":"https:\/\/elmundodelapolitica.com\/v1\/wp-json\/wp\/v2\/tags?post=1989"}],"curies":[{"name":"wp","href":"https:\/\/api.w.org\/{rel}","templated":true}]}}