{"id":198,"date":"2022-05-03T01:50:16","date_gmt":"2022-05-03T05:50:16","guid":{"rendered":"http:\/\/www.elmundodelapolitica.com\/v2\/?p=25301"},"modified":"2022-05-03T01:50:16","modified_gmt":"2022-05-03T05:50:16","slug":"lanzan-coleccion-editorial-fedodim","status":"publish","type":"post","link":"https:\/\/elmundodelapolitica.com\/v1\/lanzan-coleccion-editorial-fedodim\/","title":{"rendered":"Lanzan coleccion editorial FEDODIM"},"content":{"rendered":"\n<p>Santo Domingo, R.D. Mayo 2, 2022.- Con el objetivo de publicar libros para contribuir a la formaci\u00f3n y actualizaci\u00f3n de conocimientos de los miembros de la Federaci\u00f3n Dominicana de Distritos Municipales &nbsp;en gerencia local, descentralizaci\u00f3n, Inclusi\u00f3n Social, Econom\u00edas, Naranja, Circular, Azul y Verde; Gesti\u00f3n de Proyectos y temas especializados de importancia para la eficacia y eficiencia en la gesti\u00f3n de los servicios brindados por los gobiernos locales se cre\u00f3 hoy la Colecci\u00f3n Editorial FEDODIM.<\/p>\n\n\n\n<p>La editorial publicar\u00e1 obras sobre ciencias pol\u00edticas, comunicaci\u00f3n pol\u00edtica, manejo de crisis, gobernanza y otros temas relacionados con la Administraci\u00f3n P\u00fablica, siendo el primero en ser editado C\u00f3mo dise\u00f1ar e implementar la estrategia de una campa\u00f1a &nbsp; electoral.<\/p>\n\n\n\n<p>Pr\u00f3ximamente, se dar\u00e1n a la luz &nbsp;Historia de la Municipalidad Dominicana.<br>, La &nbsp;Propaganda y Comunicaci\u00f3n Pol\u00edtica en la Era Digital; Experiencias Exitosas de Gesti\u00f3n Municipal; &nbsp;Escudos e Himnos Municipales y<br>Diccionario de T\u00e9rminos Municipales.<\/p>\n","protected":false},"excerpt":{"rendered":"<p>Santo Domingo, R.D. Mayo 2, 2022.- Con el objetivo de publicar libros para contribuir a la formaci\u00f3n y actualizaci\u00f3n de conocimientos de los miembros de la Federaci\u00f3n Dominicana de Distritos&hellip; <\/p>\n","protected":false},"author":2,"featured_media":199,"comment_status":"closed","ping_status":"open","sticky":false,"template":"","format":"standard","meta":{"fifu_image_url":"","fifu_image_alt":"","footnotes":""},"categories":[52],"tags":[],"class_list":["post-198","post","type-post","status-publish","format-standard","has-post-thumbnail","hentry","category-cultura"],"_links":{"self":[{"href":"https:\/\/elmundodelapolitica.com\/v1\/wp-json\/wp\/v2\/posts\/198","targetHints":{"allow":["GET"]}}],"collection":[{"href":"https:\/\/elmundodelapolitica.com\/v1\/wp-json\/wp\/v2\/posts"}],"about":[{"href":"https:\/\/elmundodelapolitica.com\/v1\/wp-json\/wp\/v2\/types\/post"}],"author":[{"embeddable":true,"href":"https:\/\/elmundodelapolitica.com\/v1\/wp-json\/wp\/v2\/users\/2"}],"replies":[{"embeddable":true,"href":"https:\/\/elmundodelapolitica.com\/v1\/wp-json\/wp\/v2\/comments?post=198"}],"version-history":[{"count":0,"href":"https:\/\/elmundodelapolitica.com\/v1\/wp-json\/wp\/v2\/posts\/198\/revisions"}],"wp:featuredmedia":[{"embeddable":true,"href":"https:\/\/elmundodelapolitica.com\/v1\/wp-json\/wp\/v2\/media\/199"}],"wp:attachment":[{"href":"https:\/\/elmundodelapolitica.com\/v1\/wp-json\/wp\/v2\/media?parent=198"}],"wp:term":[{"taxonomy":"category","embeddable":true,"href":"https:\/\/elmundodelapolitica.com\/v1\/wp-json\/wp\/v2\/categories?post=198"},{"taxonomy":"post_tag","embeddable":true,"href":"https:\/\/elmundodelapolitica.com\/v1\/wp-json\/wp\/v2\/tags?post=198"}],"curies":[{"name":"wp","href":"https:\/\/api.w.org\/{rel}","templated":true}]}}