{"id":196,"date":"2022-03-28T14:04:14","date_gmt":"2022-03-28T18:04:14","guid":{"rendered":"http:\/\/www.elmundodelapolitica.com\/v2\/?p=25177"},"modified":"2022-03-28T14:04:14","modified_gmt":"2022-03-28T18:04:14","slug":"jorge-villegas-resalta-teletrabajo-llego-para-quedarse","status":"publish","type":"post","link":"https:\/\/elmundodelapolitica.com\/v1\/jorge-villegas-resalta-teletrabajo-llego-para-quedarse\/","title":{"rendered":"Jorge Villegas resalta teletrabajo lleg\u00f3 para quedarse"},"content":{"rendered":"\n<p><strong>Santo Domingo.<\/strong> El diputado por la Circunscripci\u00f3n no. 1 del Distrito Nacional, por el Partido Revolucionario Moderno (PRM), Orlando Jorge Villegas, durante su participaci\u00f3n en el conversatorio \u201cSistema Laboral Dominicano: Retos y Desaf\u00edos para su modernizaci\u00f3n\u201d expres\u00f3 que el teletrabajo lleg\u00f3 para quedarse.<\/p>\n\n\n\n<p>Jorge Villegas dijo que su propuesta de Ley de Teletrabajo tiene como objetivo apoyar y regularizar este formato. Asimismo, afirm\u00f3 que se est\u00e1 trabajando para que los j\u00f3venes tengan mejores oportunidades y facilidades de conseguir un empleo sin tener que salir de su cuidad natal o asistir a una oficina y tambi\u00e9n brindarles oportunidades laborales a personas con discapacidad.<\/p>\n\n\n\n<p>\u201cLa legislaci\u00f3n actual no contempla el teletrabajo y, dentro de lo establecido de la propuesta de ley, se est\u00e1 trabajando para que muchas empresas se adapten a la nueva normalidad que lleg\u00f3 para quedarse, con la regularizaci\u00f3n del Ministerio de Trabajo\u201d, \u00acagreg\u00f3.<\/p>\n\n\n\n<p>Al referirse a las obligaciones de los teletrabajadores, el legislador aclar\u00f3: \u201cQue quede claro que un contrato laboral de teletrabajo, por m\u00e1s que un empleado est\u00e9 en su casa, debe cumplir con un horario laboral. De igual manera, tendr\u00e1 el derecho a la desconexi\u00f3n\u201d.<\/p>\n\n\n\n<p>El evento, el cual estuvo organizado por el Comit\u00e9 de Estudiantes de Derecho de la Pontificia Universidad Cat\u00f3lica Madre y Maestra (PUCMM), el Club de Ideas Pol\u00edticas de PUCMM, y el Comit\u00e9 de Estudiantes de Econom\u00eda de la PUCMM, tambi\u00e9n cont\u00f3 con la participaci\u00f3n del magistrado juez de la Suprema Corte de Justicia, Manuel Herrera Carbuccia y el profesor de econom\u00eda Manuel Mois\u00e9s Mont\u00e1s, as\u00ed como con la asistencia de j\u00f3venes de diversas carreras y maestros.<\/p>\n\n\n\n<p>La Ley de Teletrabajo<\/p>\n\n\n\n<p>Esta ley tiene como objetivo lograr una igualdad de derechos y obligaciones entre los trabajadores presenciales y teletrabajadores. Asimismo, establecer igualdad salarial para aquellos empleados que desempe\u00f1en igual o similar funci\u00f3n y que ostenten igual o similar preparaci\u00f3n.<\/p>\n","protected":false},"excerpt":{"rendered":"<p>Santo Domingo. El diputado por la Circunscripci\u00f3n no. 1 del Distrito Nacional, por el Partido Revolucionario Moderno (PRM), Orlando Jorge Villegas, durante su participaci\u00f3n en el conversatorio \u201cSistema Laboral Dominicano:&hellip; <\/p>\n","protected":false},"author":2,"featured_media":197,"comment_status":"closed","ping_status":"open","sticky":false,"template":"","format":"standard","meta":{"fifu_image_url":"","fifu_image_alt":"","footnotes":""},"categories":[22],"tags":[],"class_list":["post-196","post","type-post","status-publish","format-standard","has-post-thumbnail","hentry","category-gerencia"],"_links":{"self":[{"href":"https:\/\/elmundodelapolitica.com\/v1\/wp-json\/wp\/v2\/posts\/196","targetHints":{"allow":["GET"]}}],"collection":[{"href":"https:\/\/elmundodelapolitica.com\/v1\/wp-json\/wp\/v2\/posts"}],"about":[{"href":"https:\/\/elmundodelapolitica.com\/v1\/wp-json\/wp\/v2\/types\/post"}],"author":[{"embeddable":true,"href":"https:\/\/elmundodelapolitica.com\/v1\/wp-json\/wp\/v2\/users\/2"}],"replies":[{"embeddable":true,"href":"https:\/\/elmundodelapolitica.com\/v1\/wp-json\/wp\/v2\/comments?post=196"}],"version-history":[{"count":0,"href":"https:\/\/elmundodelapolitica.com\/v1\/wp-json\/wp\/v2\/posts\/196\/revisions"}],"wp:featuredmedia":[{"embeddable":true,"href":"https:\/\/elmundodelapolitica.com\/v1\/wp-json\/wp\/v2\/media\/197"}],"wp:attachment":[{"href":"https:\/\/elmundodelapolitica.com\/v1\/wp-json\/wp\/v2\/media?parent=196"}],"wp:term":[{"taxonomy":"category","embeddable":true,"href":"https:\/\/elmundodelapolitica.com\/v1\/wp-json\/wp\/v2\/categories?post=196"},{"taxonomy":"post_tag","embeddable":true,"href":"https:\/\/elmundodelapolitica.com\/v1\/wp-json\/wp\/v2\/tags?post=196"}],"curies":[{"name":"wp","href":"https:\/\/api.w.org\/{rel}","templated":true}]}}