{"id":1955,"date":"2023-03-01T05:44:24","date_gmt":"2023-03-01T09:44:24","guid":{"rendered":"https:\/\/elmundodelapolitica.com\/v1\/?p=1955"},"modified":"2023-03-01T05:44:24","modified_gmt":"2023-03-01T09:44:24","slug":"celebro-melia-punta-cana-beach-encuentro-en-international-wellness-conference","status":"publish","type":"post","link":"https:\/\/elmundodelapolitica.com\/v1\/celebro-melia-punta-cana-beach-encuentro-en-international-wellness-conference\/","title":{"rendered":"Celebr\u00f3 Meli\u00e1 Punta Cana Beach encuentro en International Wellness Conference"},"content":{"rendered":"<div>\n<p><strong>PUNTA CANA<\/strong>, Prov. La Altagracia. \u2013\u00a0Motivando diferentes destinos del mundo y teniendo como punto en com\u00fan el bienestar, se desarroll\u00f3 en Punta Cana el 2nd International Wellness Conference, una iniciativa organizada por Wellness Tourism Association, una de las asociaciones de bienestar m\u00e1s reconocidas para los mercados USA &amp; Canad\u00e1 en la industria tur\u00edstica Wellness.<\/p>\n<p>En el marco del segundo a\u00f1o de la conferencia internacional, Meli\u00e1 Punta Cana, A\u00a0Wellness Inclusive Resort-Adults Only\u00a0realiz\u00f3 un encuentro especial con participantes y oradores que potencializ\u00f3 la integraci\u00f3n del evento realizado por primera vez en la Rep\u00fablica Dominicana durante dos d\u00edas consecutivos.<\/p>\n<p>Reyes Guzm\u00e1n, Directora de Ventas Wellness\u00a0de Meli\u00e1 Punta Cana Beach manifest\u00f3 durante la cena organizada que, \u201cEs un honor el poder sumarnos a esta plataforma que aporta tan significativamente a esta cultura. Nos sentimos muy complacidos de recibirlos en este nuestro hermoso santuario.\u00a0 Desde\u00a0ddisfrutar de una de las playas m\u00e1s bellas de Punta Cana y descubrir\u00a0el viaje hacia tu mejor yo desarrollado en cinco espacios \u00fanicos que estimular\u00e1n todos tus sentidos,\u00a0espacios y din\u00e1micas que aporten a un estilo de vida m\u00e1s saludable\u201d.<\/p>\n<p>\u201cLa naturaleza tropical se integra perfectamente con nuestras excepcionales opciones gastron\u00f3micas, un fabuloso YHI Spa, fant\u00e1sticas piscinas y habitaciones Wellness-Inclusive meticulosamente dise\u00f1adas para mejorar tu descanso y relajaci\u00f3n en colaboraci\u00f3n con DELOS\u201d, enfatiz\u00f3 Reyes Guzm\u00e1n.<\/p>\n<p>Este escenario acoge agencias de viajes, organizadores de retiros, asesores wellness, l\u00edderes de retiros de bienestar, medios de comunicaci\u00f3n, hoteles y plataformas que promueven el segmento wellness, as\u00ed como otros interesados en este creciente sector.<\/p>\n<p>Esta segunda edici\u00f3n incluy\u00f3 la participaci\u00f3n de oradores como de Adam Abodeely, CEO de Coral Cove Wellness Resort; Ronald Kapp, Consultor m\u00e9dico en KAPPMD; Hilary Thurston, Consejera terap\u00e9utica y candidata a PhD; Bibi Mukherjee, fundadora de Curve Trends Molly Anderson, VP de ventas y programaci\u00f3n en Canyon Ranch; Antonietta Robino, ejecutiva de cuentas en WeTraver; Tameka Wharton, directora de turismo y autoridad tur\u00edstica de Antigua y Barbuda; Anne Dimom CEO de Wellness Tourism Association; Devol Combs, fundadora de Unbridled Retreats; Jason Kycek, VP Senior de Casa de Campo, y Hannah Guzzo, abogada en Ment Law Group.<\/p>\n<p>La agenda agot\u00f3 diferentes temas sobre este creciente mundo del wellness, tomando en cuenta desde destinos hasta iniciativas y aspectos legales.<\/p>\n<\/div>\n","protected":false},"excerpt":{"rendered":"<p>PUNTA CANA, Prov. La Altagracia. \u2013\u00a0Motivando diferentes destinos del mundo y teniendo como punto en com\u00fan el bienestar, se desarroll\u00f3 en Punta Cana el 2nd International Wellness Conference, una iniciativa&hellip; <\/p>\n","protected":false},"author":2,"featured_media":0,"comment_status":"closed","ping_status":"closed","sticky":false,"template":"","format":"standard","meta":{"fifu_image_url":"","fifu_image_alt":"","footnotes":""},"categories":[1],"tags":[],"class_list":["post-1955","post","type-post","status-publish","format-standard","hentry","category-sin-categoria"],"_links":{"self":[{"href":"https:\/\/elmundodelapolitica.com\/v1\/wp-json\/wp\/v2\/posts\/1955","targetHints":{"allow":["GET"]}}],"collection":[{"href":"https:\/\/elmundodelapolitica.com\/v1\/wp-json\/wp\/v2\/posts"}],"about":[{"href":"https:\/\/elmundodelapolitica.com\/v1\/wp-json\/wp\/v2\/types\/post"}],"author":[{"embeddable":true,"href":"https:\/\/elmundodelapolitica.com\/v1\/wp-json\/wp\/v2\/users\/2"}],"replies":[{"embeddable":true,"href":"https:\/\/elmundodelapolitica.com\/v1\/wp-json\/wp\/v2\/comments?post=1955"}],"version-history":[{"count":0,"href":"https:\/\/elmundodelapolitica.com\/v1\/wp-json\/wp\/v2\/posts\/1955\/revisions"}],"wp:attachment":[{"href":"https:\/\/elmundodelapolitica.com\/v1\/wp-json\/wp\/v2\/media?parent=1955"}],"wp:term":[{"taxonomy":"category","embeddable":true,"href":"https:\/\/elmundodelapolitica.com\/v1\/wp-json\/wp\/v2\/categories?post=1955"},{"taxonomy":"post_tag","embeddable":true,"href":"https:\/\/elmundodelapolitica.com\/v1\/wp-json\/wp\/v2\/tags?post=1955"}],"curies":[{"name":"wp","href":"https:\/\/api.w.org\/{rel}","templated":true}]}}