{"id":1950,"date":"2023-03-01T01:07:51","date_gmt":"2023-03-01T05:07:51","guid":{"rendered":"https:\/\/elmundodelapolitica.com\/v1\/?p=1950"},"modified":"2023-03-01T01:07:51","modified_gmt":"2023-03-01T05:07:51","slug":"resumen-wejo-amplia-su-cobertura-de-flotas-con-soporte-oem-aleman-de-primera-calidad","status":"publish","type":"post","link":"https:\/\/elmundodelapolitica.com\/v1\/resumen-wejo-amplia-su-cobertura-de-flotas-con-soporte-oem-aleman-de-primera-calidad\/","title":{"rendered":"Resumen: Wejo ampl\u00eda su cobertura de flotas con soporte OEM alem\u00e1n de primera calidad"},"content":{"rendered":"<p>La colaboraci\u00f3n permitir\u00e1 a Wejo ofrecer servicios de datos de veh\u00edculos conectados para los veh\u00edculos de flota Mercedes-Benz pertenecientes a la UE<\/p>\n<p>Las empresas de servicios de gesti\u00f3n de flotas y los proveedores de servicios telem\u00e1ticos pueden utilizar los datos directamente desde el hardware OEM integrado<br \/>\nMANCHESTER, Inglaterra&#8211;(BUSINESS WIRE)&#8211;Wejo Group Limited (NASDAQ: WEJO), l\u00edder mundial en soluciones de nube y software Smart Mobility for Good\u2122 para datos de veh\u00edculos conectados, el\u00e9ctricos y aut\u00f3nomos, ha anunciado hoy una colaboraci\u00f3n m\u00e1s amplia con Mercedes-Benz Connectivity Services GmbH. La colaboraci\u00f3n permitir\u00e1 a Wejo ofrecer servicios de datos de veh\u00edculos conectados personalizados para los veh\u00edculos de flota conectados a la nube pertenecientes a la UE.<\/p>\n<p>El comunicado en el idioma original es la versi\u00f3n oficial y autorizada del mismo. Esta traducci\u00f3n es solamente un medio de ayuda y deber\u00e1 ser comparada con el texto en idioma original, que es la \u00fanica versi\u00f3n del texto que tendr\u00e1 validez legal.<br \/>\n Contacts<br \/>\nContactos para los medios de comunicaci\u00f3n:Ben Hohmann, Wejo<br \/>\nben.hohmann@wejo.com<\/p>\n<p>Katie O\u2019Brien, Raffetto Herman Strategic Communications en nombre de Wejo<br \/>\nwejopr@rhstrategic.com<\/p>\n<p>Contacto para inversores:Tahmin Clarke, Wejo<br \/>\nTahmin.Clarke@wejo.com<\/p>\n","protected":false},"excerpt":{"rendered":"<div>\n<p class=\"bwalignc\">\n<i>La colaboraci\u00f3n permitir\u00e1 a Wejo ofrecer servicios de datos de veh\u00edculos conectados para los veh\u00edculos de flota Mercedes-Benz pertenecientes a la UE<\/i>\n<\/p>\n<p class=\"bwalignc\">\n<i>Las empresas de servicios de gesti\u00f3n de flotas y los proveedores de servicios telem\u00e1ticos pueden utilizar los datos directamente desde el hardware OEM integrado<\/i>\n<\/p>\n<p>MANCHESTER, Inglaterra&#8211;(BUSINESS WIRE)&#8211;<a target=\"_blank\" href=\"https:\/\/cts.businesswire.com\/ct\/CT?id=smartlink&amp;url=https%3A%2F%2Fwww.wejo.com%2F&amp;esheet=53352821&amp;newsitemid=20230228005323&amp;lan=es-ES&amp;anchor=Wejo+Group+Limited&amp;index=1&amp;md5=3db0f4c2bb9063008ceb4020d72a08fb\" rel=\"nofollow noopener\">Wejo Group Limited<\/a> (NASDAQ: WEJO), l\u00edder mundial en soluciones de nube y software Smart Mobility for Good\u2122 para datos de veh\u00edculos conectados, el\u00e9ctricos y aut\u00f3nomos, ha anunciado hoy una colaboraci\u00f3n m\u00e1s amplia con Mercedes-Benz Connectivity Services GmbH. La colaboraci\u00f3n permitir\u00e1 a Wejo ofrecer servicios de datos de veh\u00edculos conectados personalizados para los veh\u00edculos de flota conectados a la nube pertenecientes a la UE.\n<\/p>\n<p><a href=\"https:\/\/mms.businesswire.com\/media\/20230228005323\/es\/1724221\/4\/Wejo.jpg\"><img decoding=\"async\" src=\"https:\/\/mms.businesswire.com\/media\/20230228005320\/en\/1724221\/21\/Wejo.jpg\"><\/a><\/p>\n<p>\nEl comunicado en el idioma original es la versi\u00f3n oficial y autorizada del mismo. Esta traducci\u00f3n es solamente un medio de ayuda y deber\u00e1 ser comparada con el texto en idioma original, que es la \u00fanica versi\u00f3n del texto que tendr\u00e1 validez legal.\n<\/p>\n<p> <b>Contacts<\/b> <\/p>\n<p>\n<b>Contactos para los medios de comunicaci\u00f3n:<\/b><br \/>Ben Hohmann, Wejo<br \/>\n<br \/><a target=\"_blank\" href=\"mailto:ben.hohmann@wejo.com\" rel=\"nofollow noopener\">ben.hohmann@wejo.com<\/a>\n<\/p>\n<p>\nKatie O\u2019Brien, Raffetto Herman Strategic Communications en nombre de Wejo<br \/>\n<br \/><a target=\"_blank\" href=\"mailto:wejopr@rhstrategic.com\" rel=\"nofollow noopener\">wejopr@rhstrategic.com<\/a>\n<\/p>\n<p>\n<b>Contacto para inversores:<\/b><br \/>Tahmin Clarke, Wejo<br \/>\n<br \/><a target=\"_blank\" href=\"mailto:Tahmin.Clarke@wejo.com\" rel=\"nofollow noopener\">Tahmin.Clarke@wejo.com<\/a>\n<\/p>\n<\/div>\n","protected":false},"author":2,"featured_media":0,"comment_status":"closed","ping_status":"closed","sticky":false,"template":"","format":"standard","meta":{"fifu_image_url":"","fifu_image_alt":"","footnotes":""},"categories":[44],"tags":[],"class_list":["post-1950","post","type-post","status-publish","format-standard","hentry","category-business-wire"],"_links":{"self":[{"href":"https:\/\/elmundodelapolitica.com\/v1\/wp-json\/wp\/v2\/posts\/1950","targetHints":{"allow":["GET"]}}],"collection":[{"href":"https:\/\/elmundodelapolitica.com\/v1\/wp-json\/wp\/v2\/posts"}],"about":[{"href":"https:\/\/elmundodelapolitica.com\/v1\/wp-json\/wp\/v2\/types\/post"}],"author":[{"embeddable":true,"href":"https:\/\/elmundodelapolitica.com\/v1\/wp-json\/wp\/v2\/users\/2"}],"replies":[{"embeddable":true,"href":"https:\/\/elmundodelapolitica.com\/v1\/wp-json\/wp\/v2\/comments?post=1950"}],"version-history":[{"count":0,"href":"https:\/\/elmundodelapolitica.com\/v1\/wp-json\/wp\/v2\/posts\/1950\/revisions"}],"wp:attachment":[{"href":"https:\/\/elmundodelapolitica.com\/v1\/wp-json\/wp\/v2\/media?parent=1950"}],"wp:term":[{"taxonomy":"category","embeddable":true,"href":"https:\/\/elmundodelapolitica.com\/v1\/wp-json\/wp\/v2\/categories?post=1950"},{"taxonomy":"post_tag","embeddable":true,"href":"https:\/\/elmundodelapolitica.com\/v1\/wp-json\/wp\/v2\/tags?post=1950"}],"curies":[{"name":"wp","href":"https:\/\/api.w.org\/{rel}","templated":true}]}}