{"id":1944,"date":"2023-02-28T14:10:14","date_gmt":"2023-02-28T18:10:14","guid":{"rendered":"https:\/\/elmundodelapolitica.com\/v1\/?p=1944"},"modified":"2023-02-28T14:10:14","modified_gmt":"2023-02-28T18:10:14","slug":"club-liderazgo-carol-morgan-motiva-involucrarse-actividades-responsabilidad-social-generar-cambio-positivo-y-mejorar-calidad-vida-otros-ninos","status":"publish","type":"post","link":"https:\/\/elmundodelapolitica.com\/v1\/club-liderazgo-carol-morgan-motiva-involucrarse-actividades-responsabilidad-social-generar-cambio-positivo-y-mejorar-calidad-vida-otros-ninos\/","title":{"rendered":"Club Liderazgo Carol Morgan motiva involucrarse actividades responsabilidad social generar cambio positivo y mejorar calidad vida otros ni\u00f1os."},"content":{"rendered":"<div>\n<p>Santo Domingo, R.D. Febrero 28, 2023.- Con el fin de contribuir a la formaci\u00f3n de ciudadanos globales comprometidos con causas sociales, el Club de Liderazgo de Primaria del Carol Morgan School organiz\u00f3 una serie de actividades para impactar positivamente a cientos de ni\u00f1os del Instituto de Ayuda al Sordo Santa Rosa y la Fundaci\u00f3n de Amigos Contra el C\u00e1ncer Infantil (FACCI), a trav\u00e9s de iniciativas lideradas por los estudiantes de 3ero y 4to de primaria.<\/p>\n<div class=\"wp-block-image\">\n<figure class=\"aligncenter size-large\"><img loading=\"lazy\" data-attachment-id=\"26287\" data-permalink=\"https:\/\/elmundodelosnegocios.com.do\/v1\/index.php\/2023\/02\/28\/club-liderazgo-carol-morgan-motiva-involucrarse-actividades-responsabilidad-social-generar-cambio-positivo-y-mejorar-calidad-vida-otros-ninos\/3-2-2-2\/\" data-orig-file=\"https:\/\/i0.wp.com\/elmundodelosnegocios.com.do\/v1\/wp-content\/uploads\/2023\/02\/3-2-2.jpg?fit=1500%2C844&amp;ssl=1\" data-orig-size=\"1500,844\" data-comments-opened=\"0\" data-image-meta='{\"aperture\":\"2.8\",\"credit\":\"\",\"camera\":\"ILCE-6500\",\"caption\":\"\",\"created_timestamp\":\"1676561445\",\"copyright\":\"\",\"focal_length\":\"24\",\"iso\":\"250\",\"shutter_speed\":\"0.00625\",\"title\":\"\",\"orientation\":\"1\"}' data-image-title=\"3-2-2\" data-image-description=\"\" data-image-caption=\"\" data-medium-file=\"https:\/\/i0.wp.com\/elmundodelosnegocios.com.do\/v1\/wp-content\/uploads\/2023\/02\/3-2-2.jpg?fit=300%2C169&amp;ssl=1\" data-large-file=\"https:\/\/i0.wp.com\/elmundodelosnegocios.com.do\/v1\/wp-content\/uploads\/2023\/02\/3-2-2.jpg?fit=1024%2C576&amp;ssl=1\" decoding=\"async\" width=\"1024\" height=\"576\" src=\"https:\/\/i0.wp.com\/elmundodelosnegocios.com.do\/v1\/wp-content\/uploads\/2023\/02\/3-2-2-1024x576.jpg?resize=1024%2C576&amp;ssl=1\" alt=\"\" class=\"wp-image-26287\" srcset=\"https:\/\/i0.wp.com\/elmundodelosnegocios.com.do\/v1\/wp-content\/uploads\/2023\/02\/3-2-2.jpg?resize=1024%2C576&amp;ssl=1 1024w, https:\/\/i0.wp.com\/elmundodelosnegocios.com.do\/v1\/wp-content\/uploads\/2023\/02\/3-2-2.jpg?resize=300%2C169&amp;ssl=1 300w, https:\/\/i0.wp.com\/elmundodelosnegocios.com.do\/v1\/wp-content\/uploads\/2023\/02\/3-2-2.jpg?resize=768%2C432&amp;ssl=1 768w, https:\/\/i0.wp.com\/elmundodelosnegocios.com.do\/v1\/wp-content\/uploads\/2023\/02\/3-2-2.jpg?w=1500&amp;ssl=1 1500w\" sizes=\"auto, (max-width: 1024px) 100vw, 1024px\" data-recalc-dims=\"1\"><\/figure>\n<\/div>\n<p>En conmemoraci\u00f3n del Mes de la Patria, el Club recaud\u00f3 150 ejemplares del libro \u201cSanto Domingo\u201d, escrito por el artista dominicano Manny Cruz, para aportar a ni\u00f1os con discapacidad auditiva y del habla que reciben servicios en el Instituto de Ayuda al Sordo Santa Rosa.<\/p>\n<p>Adicionalmente Cruz realiz\u00f3 una lectura de la obra infantil en el centro educativo especializado, acompa\u00f1ados de estudiantes y profesores del Carol Morgan, mientras un int\u00e9rprete de lengua de se\u00f1as hacia la narraci\u00f3n simult\u00e1nea.<\/p>\n<p>Jack Delman, director general del Carol Morgan School, afirm\u00f3\u00a0que: \u201cNos concentramos en garantizar que la poblaci\u00f3n estudiantil con la que contamos reciba una formaci\u00f3n m\u00e1s all\u00e1 de los contenidos did\u00e1cticos y por esto implementamos estas actividades, que forman parte de esa visi\u00f3n educativa y transformadora\u201d.<\/p>\n<p>El Club de Liderazgo tambi\u00e9n emprendi\u00f3 durante este mes de febrero la tarea de promover acciones de recaudaci\u00f3n de fondos para aportar al bienestar de los ni\u00f1os que luchan contra el c\u00e1ncer.\u00a0 As\u00ed, los estudiantes decidieron vender corazones para decorar una de las paredes del FACCI y con lo recaudado apoyar a pacientes y familiares, sobre todo con los costos de traslado.<\/p>\n<p>El \u201cElementary School Leadership Club\u201d, por su nombre en ingl\u00e9s, surgi\u00f3 como una respuesta al inter\u00e9s manifestado por m\u00e1s de 30 ni\u00f1os de pertenecer al Consejo Estudiantil de Primaria, cuya membrec\u00eda era menor a la cantidad de aplicantes.<\/p>\n<p>\u201cAnte la demanda de los grupos de tercero y cuarto de pertenecer a un club, uno de nuestros maestros se ofreci\u00f3 como voluntario para apoyarles. Y en jornadas de organizaci\u00f3n durante los recreos, constituyeron este espacio de incidencia y compromiso social del que toda la comunidad del Carol Morgan se siente tan orgullosa\u201d, expres\u00f3 Paola Torres, directora de Primaria, quien resalt\u00f3 que desde este espacio se ha logrado hacer aportes significativos en tres proyectos distintos, en un lapso de tiempo bastante breve.<\/p>\n<p>De este modo, contribuyeron a que ni\u00f1os de escasos recursos recibieran juguetes en Navidad, recaudaron los fondos para realizar la donaci\u00f3n de 200 juguetes a una escuela local y ahora trabajan arduamente por las personas con discapacidad auditiva. Estas acciones forman parte de los valores de responsabilidad, compromiso social y ciudadan\u00eda global que el colegio promueve entre sus estudiantes, apegados a tres de sus cuatro valores centrales: Care, Create, Contribute (Cuidar, Crear, Contribuir).<\/p>\n<p><strong>Sobre el Carol Morgan School<\/strong><\/p>\n<p>Es un centro educativo pionero en educaci\u00f3n en ingl\u00e9s, centrado en la excelencia acad\u00e9mica y fundamentado en la integridad, que da prioridad a la diversidad, la formaci\u00f3n en ciudadan\u00eda global y la construcci\u00f3n de comunidades. Cuenta con un programa pre-universitario, uno de los planteles m\u00e1s modernos de la regi\u00f3n, staff altamente capacitado seg\u00fan los m\u00e1s altos est\u00e1ndares internacionales, una plataforma tecnol\u00f3gica a la vanguardia y un diverso programa de actividades extracurriculares.<\/p>\n<\/div>\n","protected":false},"excerpt":{"rendered":"<p>Santo Domingo, R.D. Febrero 28, 2023.- Con el fin de contribuir a la formaci\u00f3n de ciudadanos globales comprometidos con causas sociales, el Club de Liderazgo de Primaria del Carol Morgan&hellip; <\/p>\n","protected":false},"author":2,"featured_media":0,"comment_status":"closed","ping_status":"closed","sticky":false,"template":"","format":"standard","meta":{"fifu_image_url":"","fifu_image_alt":"","footnotes":""},"categories":[1],"tags":[],"class_list":["post-1944","post","type-post","status-publish","format-standard","hentry","category-sin-categoria"],"_links":{"self":[{"href":"https:\/\/elmundodelapolitica.com\/v1\/wp-json\/wp\/v2\/posts\/1944","targetHints":{"allow":["GET"]}}],"collection":[{"href":"https:\/\/elmundodelapolitica.com\/v1\/wp-json\/wp\/v2\/posts"}],"about":[{"href":"https:\/\/elmundodelapolitica.com\/v1\/wp-json\/wp\/v2\/types\/post"}],"author":[{"embeddable":true,"href":"https:\/\/elmundodelapolitica.com\/v1\/wp-json\/wp\/v2\/users\/2"}],"replies":[{"embeddable":true,"href":"https:\/\/elmundodelapolitica.com\/v1\/wp-json\/wp\/v2\/comments?post=1944"}],"version-history":[{"count":0,"href":"https:\/\/elmundodelapolitica.com\/v1\/wp-json\/wp\/v2\/posts\/1944\/revisions"}],"wp:attachment":[{"href":"https:\/\/elmundodelapolitica.com\/v1\/wp-json\/wp\/v2\/media?parent=1944"}],"wp:term":[{"taxonomy":"category","embeddable":true,"href":"https:\/\/elmundodelapolitica.com\/v1\/wp-json\/wp\/v2\/categories?post=1944"},{"taxonomy":"post_tag","embeddable":true,"href":"https:\/\/elmundodelapolitica.com\/v1\/wp-json\/wp\/v2\/tags?post=1944"}],"curies":[{"name":"wp","href":"https:\/\/api.w.org\/{rel}","templated":true}]}}