{"id":1921,"date":"2023-02-25T01:08:26","date_gmt":"2023-02-25T05:08:26","guid":{"rendered":"https:\/\/elmundodelapolitica.com\/v1\/?p=1921"},"modified":"2023-02-25T01:08:26","modified_gmt":"2023-02-25T05:08:26","slug":"resumen-mycala-se-asocia-con-tv-berlin-para-mostrar-el-cine-y-la-cultura-chinos","status":"publish","type":"post","link":"https:\/\/elmundodelapolitica.com\/v1\/resumen-mycala-se-asocia-con-tv-berlin-para-mostrar-el-cine-y-la-cultura-chinos\/","title":{"rendered":"Resumen: Mycala se asocia con TV Berlin para mostrar el cine y la cultura chinos"},"content":{"rendered":"<p>BERL\u00cdN&#8211;(BUSINESS WIRE)&#8211;El cine chino caus\u00f3 sensaci\u00f3n esta semana en la 73.a edici\u00f3n del Festival Internacional de Cine de Berl\u00edn, con m\u00e1s de diez pel\u00edculas chinas seleccionadas para las secciones de competici\u00f3n y proyecci\u00f3n. Estas obras mostraron la creatividad y la visi\u00f3n de los cineastas chinos en una amplia gama de temas, lo que marc\u00f3 un clamoroso regreso tras las interrupciones causadas por la pandemia.<\/p>\n<p>Con el fin de fomentar el inter\u00e9s del p\u00fablico por las pel\u00edculas chinas, Mycala se ha asociado con TV Berlin para producir un programa especial (https:\/\/youtu.be\/E0Sl3RJ4C1w) con entrevistas a los directores de tres de las pel\u00edculas chinas que compiten o se proyectan en el festival de este a\u00f1o.<\/p>\n<p>\u201cAl compartir pel\u00edculas chinas destacadas y el proceso creativo subyacente con un p\u00fablico internacional m\u00e1s amplio, esperamos ampliar la comprensi\u00f3n de la cultura china y la vida de sus habitantes\u201d, expres\u00f3 Shi Yan, fundador y presidente de Mycala.<\/p>\n<p>El comunicado en el idioma original es la versi\u00f3n oficial y autorizada del mismo. Esta traducci\u00f3n es solamente un medio de ayuda y deber\u00e1 ser comparada con el texto en idioma original, que es la \u00fanica versi\u00f3n del texto que tendr\u00e1 validez legal.<br \/>\n Contacts<br \/>\nShelly Wang<br \/>\ncontact@panoramist-consulting.de<\/p>\n","protected":false},"excerpt":{"rendered":"<div>\n<p>BERL\u00cdN&#8211;(BUSINESS WIRE)&#8211;El cine chino caus\u00f3 sensaci\u00f3n esta semana en la 73<sup>.a<\/sup> edici\u00f3n del Festival Internacional de Cine de Berl\u00edn, con m\u00e1s de diez pel\u00edculas chinas seleccionadas para las secciones de competici\u00f3n y proyecci\u00f3n. Estas obras mostraron la creatividad y la visi\u00f3n de los cineastas chinos en una amplia gama de temas, lo que marc\u00f3 un clamoroso regreso tras las interrupciones causadas por la pandemia.\n<\/p>\n<p><a href=\"https:\/\/mms.businesswire.com\/media\/20230224005253\/es\/1722424\/5\/berlin.jpg\"><img decoding=\"async\" src=\"https:\/\/mms.businesswire.com\/media\/20230224005250\/en\/1722424\/21\/berlin.jpg\"><\/a><\/p>\n<p>\nCon el fin de fomentar el inter\u00e9s del p\u00fablico por las pel\u00edculas chinas, <a target=\"_blank\" href=\"https:\/\/cts.businesswire.com\/ct\/CT?id=smartlink&amp;url=http%3A%2F%2Fwww.mycala.de&amp;esheet=53344842&amp;newsitemid=20230224005253&amp;lan=es-ES&amp;anchor=Mycala&amp;index=1&amp;md5=817336068aea207f1704a03782f1477f\" rel=\"nofollow noopener\">Mycala<\/a> se ha asociado con TV Berlin para producir un programa especial (<a target=\"_blank\" href=\"https:\/\/cts.businesswire.com\/ct\/CT?id=smartlink&amp;url=https%3A%2F%2Fyoutu.be%2FE0Sl3RJ4C1w&amp;esheet=53344842&amp;newsitemid=20230224005253&amp;lan=es-ES&amp;anchor=https%3A%2F%2Fyoutu.be%2FE0Sl3RJ4C1w&amp;index=2&amp;md5=cd197ec7d98f060a1a6821bc7c9f6221\" rel=\"nofollow noopener\">https:\/\/youtu.be\/E0Sl3RJ4C1w<\/a>) con entrevistas a los directores de tres de las pel\u00edculas chinas que compiten o se proyectan en el festival de este a\u00f1o.\n<\/p>\n<p>\n\u201cAl compartir pel\u00edculas chinas destacadas y el proceso creativo subyacente con un p\u00fablico internacional m\u00e1s amplio, esperamos ampliar la comprensi\u00f3n de la cultura china y la vida de sus habitantes\u201d, expres\u00f3 Shi Yan, fundador y presidente de Mycala.\n<\/p>\n<p>\nEl comunicado en el idioma original es la versi\u00f3n oficial y autorizada del mismo. Esta traducci\u00f3n es solamente un medio de ayuda y deber\u00e1 ser comparada con el texto en idioma original, que es la \u00fanica versi\u00f3n del texto que tendr\u00e1 validez legal.\n<\/p>\n<p> <b>Contacts<\/b> <\/p>\n<p>\nShelly Wang<br \/>\n<br \/><a target=\"_blank\" href=\"mailto:contact@panoramist-consulting.de\" rel=\"nofollow noopener\">contact@panoramist-consulting.de<\/a>\n<\/p>\n<\/div>\n","protected":false},"author":2,"featured_media":0,"comment_status":"closed","ping_status":"closed","sticky":false,"template":"","format":"standard","meta":{"fifu_image_url":"","fifu_image_alt":"","footnotes":""},"categories":[44],"tags":[],"class_list":["post-1921","post","type-post","status-publish","format-standard","hentry","category-business-wire"],"_links":{"self":[{"href":"https:\/\/elmundodelapolitica.com\/v1\/wp-json\/wp\/v2\/posts\/1921","targetHints":{"allow":["GET"]}}],"collection":[{"href":"https:\/\/elmundodelapolitica.com\/v1\/wp-json\/wp\/v2\/posts"}],"about":[{"href":"https:\/\/elmundodelapolitica.com\/v1\/wp-json\/wp\/v2\/types\/post"}],"author":[{"embeddable":true,"href":"https:\/\/elmundodelapolitica.com\/v1\/wp-json\/wp\/v2\/users\/2"}],"replies":[{"embeddable":true,"href":"https:\/\/elmundodelapolitica.com\/v1\/wp-json\/wp\/v2\/comments?post=1921"}],"version-history":[{"count":0,"href":"https:\/\/elmundodelapolitica.com\/v1\/wp-json\/wp\/v2\/posts\/1921\/revisions"}],"wp:attachment":[{"href":"https:\/\/elmundodelapolitica.com\/v1\/wp-json\/wp\/v2\/media?parent=1921"}],"wp:term":[{"taxonomy":"category","embeddable":true,"href":"https:\/\/elmundodelapolitica.com\/v1\/wp-json\/wp\/v2\/categories?post=1921"},{"taxonomy":"post_tag","embeddable":true,"href":"https:\/\/elmundodelapolitica.com\/v1\/wp-json\/wp\/v2\/tags?post=1921"}],"curies":[{"name":"wp","href":"https:\/\/api.w.org\/{rel}","templated":true}]}}