{"id":1917,"date":"2023-02-24T11:34:59","date_gmt":"2023-02-24T15:34:59","guid":{"rendered":"https:\/\/elmundodelapolitica.com\/v1\/?p=1917"},"modified":"2023-02-24T11:34:59","modified_gmt":"2023-02-24T15:34:59","slug":"index-presenta-actualizacion-del-registro-sociodemografico-de-los-dominicanos-residentes-en-el-exterior","status":"publish","type":"post","link":"https:\/\/elmundodelapolitica.com\/v1\/index-presenta-actualizacion-del-registro-sociodemografico-de-los-dominicanos-residentes-en-el-exterior\/","title":{"rendered":"INDEX presenta actualizaci\u00f3n del Registro Sociodemogr\u00e1fico de los dominicanos residentes en el exterior"},"content":{"rendered":"<div>\n<p>Santo Domingo. \u2013 El Instituto de los Dominicanos y Dominicanas en el Exterior<strong>\u00a0(INDEX)<\/strong>, organismo desconcentrado adscrito al Ministerio de Relaciones Exteriores<strong>\u00a0(MIREX)<\/strong>, present\u00f3 la\u00a0<strong>segunda edici\u00f3n del \u201cRegistro Sociodemogr\u00e1fico de las Comunidades Dominicanas Residentes en el Exterior\u201d,<\/strong>\u00a0que incluye nuevas variables para hacer una mejor identificaci\u00f3n de nuestros nacionales.<\/p>\n<p>A partir de cifras oficiales,\u00a0<strong>la Direcci\u00f3n de Investigaci\u00f3n y Estudio del Viceministerio para las Comunidades Dominicanas en el Exterior<\/strong>\u00a0logr\u00f3 establecer que, al 31 de diciembre de 2022, un total de\u00a0<strong>2,835,593 personas de origen dominicano residen de manera oficial fuera del pa\u00eds.<\/strong>\u00a0De estos, 2,393,718 se encuentran en Estados Unidos de Am\u00e9rica y 188,308 en Espa\u00f1a, lo que muestra que son los dos pa\u00edses con mayor presencia de quisqueyanos.<\/p>\n<p>Del resto de la poblaci\u00f3n registrada, 101,233 dominicanos residen en Am\u00e9rica Central y el Caribe, principalmente en Puerto Rico, donde viven al menos 59,286 nacionales; seguida en cuant\u00eda por Panam\u00e1 y Aruba. En Am\u00e9rica del Sur fueron contabilizados 43,428 dominicanos; cerca de la mitad vive en Chile, cantidad a la que siguen Venezuela y Argentina.<\/p>\n<p>Por otro lado, el registro revela que de los\u00a0<strong>268,486 dominicanos que alberga Europa<\/strong>\u00a0se distribuyen principalmente entre\u00a0<strong>Espa\u00f1a, Italia, Pa\u00edses Bajos, Francia y Alemania.<\/strong><\/p>\n<p>La actividad en la que se present\u00f3 este informe estuvo encabezada por el\u00a0<strong>canciller Roberto \u00c1lvarez<\/strong>\u00a0quien resalt\u00f3 que\u00a0<em>\u201cesta necesaria actualizaci\u00f3n del registro representa un paso significativo en nuestro compromiso con los dominicanos en el exterior y da muestra de nuestra visi\u00f3n de una pol\u00edtica exterior inclusiva y sensible a las necesidades de nuestra comunidad en el extranjero. Gracias a esta iniciativa de recolecci\u00f3n y an\u00e1lisis de datos estad\u00edsticos, que impulsamos desde el a\u00f1o 2021, hemos podido dise\u00f1ar y ejecutar acciones y proyectos de mayor y mejor enfoque, mayor impacto y, muy especialmente, de amplio alcance\u201d<\/em>.<\/p>\n<figure class=\"wp-block-image\"><img decoding=\"async\" src=\"https:\/\/i0.wp.com\/presidencia.gob.do\/sites\/default\/files\/content\/WhatsApp%20Image%202023-02-22%20at%205.25.48%20PM%20%281%29.jpeg?w=1110&amp;ssl=1\" alt=\"\" data-recalc-dims=\"1\"><\/figure>\n<p>Adem\u00e1s, esto ha significado la solidificaci\u00f3n de nuestros v\u00ednculos institucionales con estas comunidades, dando fiel cumplimiento a la\u00a0<strong>tarea encomendada por el Presidente Luis Abinader<\/strong>, de hacer \u201c<em>todos los esfuerzos necesarios para la protecci\u00f3n y reconocimiento de nuestra di\u00e1spora\u201d.<\/em><\/p>\n<p>La presentaci\u00f3n de los datos estuvo a cargo del viceministro para las Comunidades Dominicanas en el Exterior y director ejecutivo del INDEX,\u00a0<strong>Carlos de la Mota<\/strong>, quien explic\u00f3 que a partir de las informaciones recolectadas se pudo identificar que el\u00a0<strong>53.8 %<\/strong>\u00a0del total de dominicanos radicados en el exterior son personas de\u00a0<strong>sexo femenino<\/strong>\u00a0y que el\u00a0<strong>55.4 %<\/strong>\u00a0de la di\u00e1spora son\u00a0<strong>j\u00f3venes con menos de 35 a\u00f1os de edad.<\/strong><\/p>\n<p><em>\u201cEs imposible mejorar lo que se desconoce. Es por esto que el INDEX busca convertir este estudio en un documento estad\u00edstico referente con la data que nos permita al Gobierno y a todos aquellos que as\u00ed lo requieran, crear pol\u00edticas p\u00fablicas y acciones en favor del bienestar de las dominicanas y dominicanos que se mantienen conectados a su patria. Con la actualizaci\u00f3n de estos resultados, continuaremos ejecutando iniciativas y proyectos para acompa\u00f1ar a nuestras comunidades en el exterior, manteniendo su v\u00ednculo con sus comunidades de origen, aportando a su capacitaci\u00f3n y fortaleciendo la promoci\u00f3n de nuestra identidad y valores patrios, porque donde quiera que haya un coraz\u00f3n dominicano, ah\u00ed estaremos\u201d,<\/em>\u00a0agreg\u00f3 el viceministro De La Mota.<\/p>\n<p><strong>Los hallazgos que recoge el informe se obtuvieron de 111 entidades del mundo<\/strong>, tomando en cuenta, adem\u00e1s, las cifras oficiales m\u00e1s actuales. Ante una variedad de formas de medici\u00f3n (por pa\u00eds de nacimiento, por ciudadan\u00eda y por origen \u00e9tnico\/familiar),\u00a0<strong>se opt\u00f3 por recoger los datos de las localidades donde la comunidad dominicana es m\u00e1s grande<\/strong>. Esta metodolog\u00eda permiti\u00f3 que se lograra identificar a 303,975 nacionales adicionales con respecto a los datos consignados en el levantamiento anterior.<\/p>\n<p>La actividad cont\u00f3 con la presencia de los viceministros del MIREX, Rub\u00e9n Sili\u00e9 y Opinio D\u00edaz; el defensor del pueblo, Pablo Ulloa; el gerente general del Banco de Desarrollo y Exportaciones\u00a0(BANDEX), Juan Mustaf\u00e1 Michel; el jefe de Misi\u00f3n de la Organizaci\u00f3n Internacional para las Migraciones (OIM), Josu\u00e9 Gastelbondo; el rector del Instituto de Educaci\u00f3n Superior en Formaci\u00f3n Diplom\u00e1tica y Consular, Jos\u00e9 Rafael Espaillat; el director de Investigaci\u00f3n y Estudio del INDEX, Pablo Asencio; diputados de ultramar; representantes de la academia; l\u00edderes de opini\u00f3n; directores y otros funcionarios del Ministerio de Relaciones Exteriores y diversas instituciones del Estado, e invitados especiales.<\/p>\n<\/div>\n","protected":false},"excerpt":{"rendered":"<p>Santo Domingo. \u2013 El Instituto de los Dominicanos y Dominicanas en el Exterior\u00a0(INDEX), organismo desconcentrado adscrito al Ministerio de Relaciones Exteriores\u00a0(MIREX), present\u00f3 la\u00a0segunda edici\u00f3n del \u201cRegistro Sociodemogr\u00e1fico de las Comunidades&hellip; <\/p>\n","protected":false},"author":2,"featured_media":0,"comment_status":"closed","ping_status":"closed","sticky":false,"template":"","format":"standard","meta":{"fifu_image_url":"","fifu_image_alt":"","footnotes":""},"categories":[1],"tags":[],"class_list":["post-1917","post","type-post","status-publish","format-standard","hentry","category-sin-categoria"],"_links":{"self":[{"href":"https:\/\/elmundodelapolitica.com\/v1\/wp-json\/wp\/v2\/posts\/1917","targetHints":{"allow":["GET"]}}],"collection":[{"href":"https:\/\/elmundodelapolitica.com\/v1\/wp-json\/wp\/v2\/posts"}],"about":[{"href":"https:\/\/elmundodelapolitica.com\/v1\/wp-json\/wp\/v2\/types\/post"}],"author":[{"embeddable":true,"href":"https:\/\/elmundodelapolitica.com\/v1\/wp-json\/wp\/v2\/users\/2"}],"replies":[{"embeddable":true,"href":"https:\/\/elmundodelapolitica.com\/v1\/wp-json\/wp\/v2\/comments?post=1917"}],"version-history":[{"count":0,"href":"https:\/\/elmundodelapolitica.com\/v1\/wp-json\/wp\/v2\/posts\/1917\/revisions"}],"wp:attachment":[{"href":"https:\/\/elmundodelapolitica.com\/v1\/wp-json\/wp\/v2\/media?parent=1917"}],"wp:term":[{"taxonomy":"category","embeddable":true,"href":"https:\/\/elmundodelapolitica.com\/v1\/wp-json\/wp\/v2\/categories?post=1917"},{"taxonomy":"post_tag","embeddable":true,"href":"https:\/\/elmundodelapolitica.com\/v1\/wp-json\/wp\/v2\/tags?post=1917"}],"curies":[{"name":"wp","href":"https:\/\/api.w.org\/{rel}","templated":true}]}}