{"id":1896,"date":"2023-02-24T10:46:01","date_gmt":"2023-02-24T14:46:01","guid":{"rendered":"https:\/\/elmundodelapolitica.com\/v1\/?p=1896"},"modified":"2023-02-24T10:50:18","modified_gmt":"2023-02-24T14:50:18","slug":"secretario-general-del-phd-favorece-reeleccion-del-presidente-luis-abinader","status":"publish","type":"post","link":"https:\/\/elmundodelapolitica.com\/v1\/secretario-general-del-phd-favorece-reeleccion-del-presidente-luis-abinader\/","title":{"rendered":"Secretario general del PHD favorece reelecci\u00f3n del presidente Luis Abinader"},"content":{"rendered":"<figure style=\"width: 1600px\" class=\"wp-caption aligncenter\"><img loading=\"lazy\" decoding=\"async\" class=\"attachment-post-thumbnail wp-post-image\" style=\"float: left; margin: 0 15px 15px 0;\" src=\"https:\/\/elmundodelapolitica.com\/v1\/wp-content\/uploads\/2023\/02\/WhatsApp-Image-2023-02-23-at-2.17.01-PM.jpeg\" sizes=\"auto, (max-width: 1600px) 100vw, 1600px\" srcset=\"https:\/\/elmundodelapolitica.com\/v1\/wp-content\/uploads\/2023\/02\/WhatsApp-Image-2023-02-23-at-2.17.01-PM.jpeg 1600w, https:\/\/proceso.com.do\/wp-content\/uploads\/2023\/02\/WhatsApp-Image-2023-02-23-at-2.17.01-PM-768x467.jpeg 768w, https:\/\/proceso.com.do\/wp-content\/uploads\/2023\/02\/WhatsApp-Image-2023-02-23-at-2.17.01-PM-1536x934.jpeg 1536w\" alt=\"\" width=\"1600\" height=\"973\" \/><figcaption class=\"wp-caption-text\">Antonio Mateo alerta negociaciones oscuras a espalda de compa\u00f1eros.<\/figcaption><\/figure>\n<p>Rep\u00fablica Dominicana.-El secretario general del Partido Humanista Dominicano (PHD), Lic. Antonio Mateo, se pronunci\u00f3 a favor de la reelecci\u00f3n del presidente Luis Abinader, destacando que la gesti\u00f3n del cambio ha transformado la Rep\u00fablica Dominicana, con mayor transparencia, protecci\u00f3n social y confianza del sector privado para la inversi\u00f3n de capitales.<\/p>\n<p>Antonio Mateo se\u00f1al\u00f3 que en su momento, las altas instancias del Partido Humanista Dominicano deben reunirse para ratificar el respaldo que ofreci\u00f3 el PHD a la candidatura presidencial de Luis Abinader en pasadas elecciones, un acuerdo que, a su entender, debe repetirse.<\/p>\n<p>\u201cFiel a nuestros principios humanistas respaldamos la gran labor del gobierno, evidencia de ello es la transformaci\u00f3n de sector portuario y aduanero del pa\u00eds. Hoy llegan m\u00e1s cruceros y m\u00e1s cargas, convirti\u00e9ndonos en el Hub portuario del caribe\u201d, expres\u00f3 el dirigente pol\u00edtico.<\/p>\n<p>Agreg\u00f3, que independientemente de lo que pregona la oposici\u00f3n pol\u00edtica y algunos adeversarios del presidente Luis Abinader, el \u00e9xito de la actual gesti\u00f3n est\u00e1 a la vista de todos y en todos los renglones que contribuyen al desarrollo del pa\u00eds.<\/p>\n<p>\u201cContamos con inversiones de relevancia en infraestructuras como la construcci\u00f3n del monorriel de Santiago, la ampliaci\u00f3n de las avenidas Ecol\u00f3gica, H\u00edpica, Fern\u00e1ndez Dom\u00ednguez en el Gran Santo Domingo; y la majestuosa obra que se construye en el kil\u00f3metro 9 de la Autopista Duarte a la entrada del Distrito Nacional, el asfaltado de los caminos vecinales, la terminaci\u00f3n de la presa de Monte Grande, el apoyo a los sectores productivos y la ejecuci\u00f3n del plan de desarrollo de la regi\u00f3n sur, entre otras obras\u201d, explic\u00f3 el secretario general del PHD.<\/p>\n<p>Hablando junto a otros altos dirigentes del Partido Humanista Dominicano, el Lic. Antonio Mateo alerta a compa\u00f1eros de negociaciones a espalda de la dirigencia. Asegura que el apoyo a la reelecci\u00f3n del presidente Luis Abinader debe recibir el respaldo monol\u00edtico de toda la militancia del PHD para las elecciones del 2024, y record\u00f3 que esa organizaci\u00f3n pol\u00edtica fue la primera en respaldar las aspiraciones pol\u00edticas del candidato presidencial del PRM en las elecciones del 2016 y el 2020.<\/p>\n<p>\u201cLa confianza, la garant\u00eda y la estabilidad econ\u00f3mica de un pa\u00eds que dio ejemplo mundial de atenci\u00f3n sanitaria durante la pandemia del coronavirus y una de las naciones de m\u00e1s r\u00e1pida recuperaci\u00f3n econ\u00f3mica en medio de la crisis, son razones m\u00e1s que suficientes para que el PHD refrende la reelecci\u00f3n del presidente Abinader\u201d, concluy\u00f3 Mateo.<\/p>\n","protected":false},"excerpt":{"rendered":"<p>Rep\u00fablica Dominicana.-El secretario general del Partido Humanista Dominicano (PHD), Lic. Antonio Mateo, se pronunci\u00f3 a favor de la reelecci\u00f3n del presidente Luis Abinader, destacando que la gesti\u00f3n del cambio ha&hellip; <\/p>\n","protected":false},"author":1,"featured_media":1911,"comment_status":"closed","ping_status":"closed","sticky":false,"template":"","format":"standard","meta":{"fifu_image_url":"https:\/\/proceso.com.do\/wp-content\/uploads\/2023\/02\/WhatsApp-Image-2023-02-23-at-2.17.01-PM.jpeg","fifu_image_alt":"Secretario general del PHD favorece reelecci\u00f3n del presidente Luis Abinader","footnotes":""},"categories":[12],"tags":[],"class_list":["post-1896","post","type-post","status-publish","format-standard","has-post-thumbnail","hentry","category-agenda-politica"],"_links":{"self":[{"href":"https:\/\/elmundodelapolitica.com\/v1\/wp-json\/wp\/v2\/posts\/1896","targetHints":{"allow":["GET"]}}],"collection":[{"href":"https:\/\/elmundodelapolitica.com\/v1\/wp-json\/wp\/v2\/posts"}],"about":[{"href":"https:\/\/elmundodelapolitica.com\/v1\/wp-json\/wp\/v2\/types\/post"}],"author":[{"embeddable":true,"href":"https:\/\/elmundodelapolitica.com\/v1\/wp-json\/wp\/v2\/users\/1"}],"replies":[{"embeddable":true,"href":"https:\/\/elmundodelapolitica.com\/v1\/wp-json\/wp\/v2\/comments?post=1896"}],"version-history":[{"count":1,"href":"https:\/\/elmundodelapolitica.com\/v1\/wp-json\/wp\/v2\/posts\/1896\/revisions"}],"predecessor-version":[{"id":1910,"href":"https:\/\/elmundodelapolitica.com\/v1\/wp-json\/wp\/v2\/posts\/1896\/revisions\/1910"}],"wp:featuredmedia":[{"embeddable":true,"href":"https:\/\/elmundodelapolitica.com\/v1\/wp-json\/wp\/v2\/media\/1911"}],"wp:attachment":[{"href":"https:\/\/elmundodelapolitica.com\/v1\/wp-json\/wp\/v2\/media?parent=1896"}],"wp:term":[{"taxonomy":"category","embeddable":true,"href":"https:\/\/elmundodelapolitica.com\/v1\/wp-json\/wp\/v2\/categories?post=1896"},{"taxonomy":"post_tag","embeddable":true,"href":"https:\/\/elmundodelapolitica.com\/v1\/wp-json\/wp\/v2\/tags?post=1896"}],"curies":[{"name":"wp","href":"https:\/\/api.w.org\/{rel}","templated":true}]}}