{"id":1893,"date":"2023-02-24T00:36:59","date_gmt":"2023-02-24T04:36:59","guid":{"rendered":"https:\/\/elmundodelapolitica.com\/v1\/?p=1893"},"modified":"2023-02-24T00:36:59","modified_gmt":"2023-02-24T04:36:59","slug":"resumen-usvp-redobla-su-apuesta-por-la-franquicia-empresarial-con-la-incorporacion-de-matt-garratt","status":"publish","type":"post","link":"https:\/\/elmundodelapolitica.com\/v1\/resumen-usvp-redobla-su-apuesta-por-la-franquicia-empresarial-con-la-incorporacion-de-matt-garratt\/","title":{"rendered":"Resumen: USVP redobla su apuesta por la franquicia empresarial con la incorporaci\u00f3n de Matt Garratt"},"content":{"rendered":"<div>\n<p>Inversor experto en software empresarial, Matt Garratt se suma a USVP y aporta su amplia experiencia para perfeccionar la pr\u00e1ctica empresarial de la firma.<br \/>\nMENLO PARK, California.\u2013(BUSINESS WIRE)\u2013U.S. Venture Partners (USVP), una firma l\u00edder de capital riesgo, con sede en Silicon Valley, que se especializa en ciberseguridad, software empresarial, consumo y sanidad, se enorgullece de anunciar la incorporaci\u00f3n de Matt Garratt como socio general. Garratt tiene una amplia trayectoria de inversiones en SaaS y se dedicar\u00e1 a las inversiones empresariales en las \u00e1reas de SaaS e IA. Adem\u00e1s, es un apasionado defensor de los fundadores en fase inicial y aporta una profunda experiencia adquirida en su cargo anterior, en el que se especializ\u00f3 en crear y gestionar emprendimientos de Salesforce.<\/p>\n<p>El comunicado en el idioma original es la versi\u00f3n oficial y autorizada del mismo. Esta traducci\u00f3n es solamente un medio de ayuda y deber\u00e1 ser comparada con el texto en idioma original, que es la \u00fanica versi\u00f3n del texto que tendr\u00e1 validez legal.<br \/>\n Contacts<br \/>\nDale Holladay<br \/>\nUSVP<br \/>\n(650) 854-9080<br \/>\npr@usvp.com<\/p>\n<\/div>\n","protected":false},"excerpt":{"rendered":"<p>Inversor experto en software empresarial, Matt Garratt se suma a USVP y aporta su amplia experiencia para perfeccionar la pr\u00e1ctica empresarial de la firma. MENLO PARK, California.\u2013(BUSINESS WIRE)\u2013U.S. Venture Partners&hellip; <\/p>\n","protected":false},"author":2,"featured_media":0,"comment_status":"closed","ping_status":"closed","sticky":false,"template":"","format":"standard","meta":{"fifu_image_url":"","fifu_image_alt":"","footnotes":""},"categories":[11],"tags":[],"class_list":["post-1893","post","type-post","status-publish","format-standard","hentry","category-america-latina"],"_links":{"self":[{"href":"https:\/\/elmundodelapolitica.com\/v1\/wp-json\/wp\/v2\/posts\/1893","targetHints":{"allow":["GET"]}}],"collection":[{"href":"https:\/\/elmundodelapolitica.com\/v1\/wp-json\/wp\/v2\/posts"}],"about":[{"href":"https:\/\/elmundodelapolitica.com\/v1\/wp-json\/wp\/v2\/types\/post"}],"author":[{"embeddable":true,"href":"https:\/\/elmundodelapolitica.com\/v1\/wp-json\/wp\/v2\/users\/2"}],"replies":[{"embeddable":true,"href":"https:\/\/elmundodelapolitica.com\/v1\/wp-json\/wp\/v2\/comments?post=1893"}],"version-history":[{"count":0,"href":"https:\/\/elmundodelapolitica.com\/v1\/wp-json\/wp\/v2\/posts\/1893\/revisions"}],"wp:attachment":[{"href":"https:\/\/elmundodelapolitica.com\/v1\/wp-json\/wp\/v2\/media?parent=1893"}],"wp:term":[{"taxonomy":"category","embeddable":true,"href":"https:\/\/elmundodelapolitica.com\/v1\/wp-json\/wp\/v2\/categories?post=1893"},{"taxonomy":"post_tag","embeddable":true,"href":"https:\/\/elmundodelapolitica.com\/v1\/wp-json\/wp\/v2\/tags?post=1893"}],"curies":[{"name":"wp","href":"https:\/\/api.w.org\/{rel}","templated":true}]}}