{"id":1888,"date":"2023-02-24T10:35:03","date_gmt":"2023-02-24T14:35:03","guid":{"rendered":"https:\/\/elmundodelapolitica.com\/v1\/?p=1888"},"modified":"2023-02-24T10:35:29","modified_gmt":"2023-02-24T14:35:29","slug":"poder-ejecutivo-continua-socializando-propuesta-de-ministerio-de-justicia-con-abogados","status":"publish","type":"post","link":"https:\/\/elmundodelapolitica.com\/v1\/poder-ejecutivo-continua-socializando-propuesta-de-ministerio-de-justicia-con-abogados\/","title":{"rendered":"Poder Ejecutivo contin\u00faa socializando propuesta de Ministerio de Justicia con abogados"},"content":{"rendered":"\n<p>Santo Domingo.- Como parte de las tareas de intercambio y consultas que, por instrucci\u00f3n del&nbsp;<strong>Presidente Luis Abinader<\/strong>, viene realizando la&nbsp;<strong>Consultor\u00eda Jur\u00eddica del Poder Ejecutivo<\/strong>&nbsp;respecto al proyecto de ley para crear un&nbsp;<strong>Ministerio de Justicia<\/strong>, este 23 de febrero se efectu\u00f3 en el Palacio Nacional un encuentro con&nbsp;<strong>abogados especialistas en Derecho P\u00fablico, acad\u00e9micos, y representantes de diversos actores sociales de importancia<\/strong>.<\/p>\n\n\n\n<p>La Consultor\u00eda Jur\u00eddica del Poder Ejecutivo present\u00f3 el proyecto que impulsa el Presidente Abinader y coment\u00f3 la evoluci\u00f3n del texto a partir de las diferentes etapas del&nbsp;<strong>di\u00e1logo que se ha sostenido sobre el tema desde octubre de 2022<\/strong>. Se motiv\u00f3 la inclusi\u00f3n de varias propuestas, la reformulaci\u00f3n org\u00e1nica de la propuesta preliminar y la importancia de la visi\u00f3n de actores diversos en el proceso.<\/p>\n\n\n\n<p><strong>El consultor jur\u00eddico del Poder Ejecutivo, Antoliano Peralta,<\/strong>&nbsp;dijo que en acatamiento de la propuesta realizada por el mandatario,&nbsp;<strong>la consultor\u00eda ha venido socializando el anteproyecto de ley&nbsp;<\/strong>con los&nbsp;<strong>poderes p\u00fablicos y \u00f3rganos del Estado<\/strong>&nbsp;que se ver\u00e1n impactados&nbsp;por las competencias que se le atribuir\u00e1n al eventual Ministerio de Justicia y con los&nbsp;<strong>gremios empresariales<\/strong>, as\u00ed como tambi\u00e9n con la academia jur\u00eddica, representada por las principales&nbsp;<strong>escuelas de Derecho del pa\u00eds.<\/strong><\/p>\n\n\n\n<p><em>\u201cComo resultado de este proceso consultivo, la Consultor\u00eda Jur\u00eddica del Poder Ejecutivo tiene a la fecha un anteproyecto de ley que configura al Ministerio de Justicia como \u00f3rgano de planificaci\u00f3n, direcci\u00f3n, coordinaci\u00f3n y ejecuci\u00f3n de las atribuciones delegadas por la Constituci\u00f3n y las leyes al Poder Ejecutivo para la colaboraci\u00f3n funcional y administrativa al Sistema de Justicia\u201d<\/em>, expuso Peralta.<\/p>\n\n\n\n<p>A esto agreg\u00f3 que, en fiel cumplimiento del principio de separaci\u00f3n de poderes previsto en el art\u00edculo 4 de nuestro texto constitucional, se ha plasmado en el anteproyecto de ley que&nbsp;<em>\u201cel Ministerio de Justicia cumplir\u00e1 su objeto sin interferir en la independencia de los dem\u00e1s \u00f3rganos y entes del Estado que integran el Sistema de Justicia en el ejercicio de sus respectivas funciones\u201d.<\/em><\/p>\n\n\n\n<figure class=\"wp-block-image\"><img decoding=\"async\" src=\"https:\/\/presidencia.gob.do\/sites\/default\/files\/content\/584461EA-6150-4499-A06E-8892D16B47B3.jpeg\" alt=\"\"\/><\/figure>\n\n\n\n<p><strong>Viceministerios integrados al Ministerio de Justicia<\/strong><\/p>\n\n\n\n<p>El Ministerio de Justicia quedar\u00eda integrado por los siguientes&nbsp;<strong>cinco viceministerios<\/strong>:<\/p>\n\n\n\n<p>1)&nbsp;&nbsp;&nbsp;&nbsp;&nbsp;&nbsp;&nbsp;&nbsp;<strong>Viceministerio de Atenci\u00f3n y Colaboraci\u00f3n al Sistema de Justicia<\/strong>, que coordinar\u00e1 la atenci\u00f3n y colaboraci\u00f3n brindadas desde el Poder Ejecutivo al Sistema de Justicia.<\/p>\n\n\n\n<p>2)&nbsp;&nbsp;&nbsp;&nbsp;&nbsp;&nbsp;&nbsp;&nbsp;<strong>Viceministerio de Representaci\u00f3n Procesal<\/strong>, el cual coordinar\u00e1, en los casos que corresponda, la representaci\u00f3n del Estado y la Administraci\u00f3n P\u00fablica en las sedes jurisdiccionales de su competencia, as\u00ed como en los foros arbitrales y de otros medios alternativos para la soluci\u00f3n de conflictos.<\/p>\n\n\n\n<p>3)&nbsp;&nbsp;&nbsp;&nbsp;&nbsp;&nbsp;&nbsp;&nbsp;<strong>Viceministerio de Derechos Humanos<\/strong>, que coordinar\u00e1 el Sistema Nacional de Derechos Humanos contemplado en el anteproyecto, as\u00ed como las pol\u00edticas p\u00fablicas en materia de derechos humanos. Tambi\u00e9n instrumentar\u00e1 la respuesta a los requerimientos normativos, procesales y documentales de los organismos internacionales de derechos humanos.<\/p>\n\n\n\n<p>4)&nbsp;&nbsp;&nbsp;&nbsp;&nbsp;&nbsp;&nbsp;&nbsp;<strong>Viceministerio de Pol\u00edticas Penitenciarias y Correccionales,<\/strong>&nbsp;el cual coordinar\u00e1 el Sistema Penitenciario y Correccional junto con las pol\u00edticas p\u00fablicas penitenciarias y correccionales.<\/p>\n\n\n\n<p>5)&nbsp;&nbsp;&nbsp;&nbsp;&nbsp;&nbsp;&nbsp;&nbsp;<strong>Viceministerio de Asuntos Registrales y Servicios a la Ciudadan\u00eda<\/strong>, que coordinar\u00e1 la administraci\u00f3n y certificaci\u00f3n de los asuntos registrales asignados a su competencia, as\u00ed como la articulaci\u00f3n eficiente de los servicios a la ciudadan\u00eda bajo su cargo.<\/p>\n\n\n\n<p>Luego de las palabras del Consultor del Poder Ejecutivo,&nbsp;<strong>varios profesionales del Derecho expusieron sus consideraciones&nbsp;<\/strong>a la iniciativa legislativa que tiene por objeto traspasar a un nuevo \u00f3rgano las funciones de car\u00e1cter administrativo que, en la actualidad, implican una&nbsp;<strong>carga para el Ministerio P\u00fablico y para los \u00f3rganos del sistema de justicia, a la vez que los desenfocan de sus funciones jurisdiccionales naturales.<\/strong><\/p>\n\n\n\n<p>En el encuentro participaron reconocidos abogados constitucionalistas, administrativistas, penalistas, as\u00ed como antiguos integrantes de la judicatura nacional y extitulares de \u00f3rganos del Estado.<\/p>\n\n\n\n<p><strong>Las sugerencias planteadas por los juristas ser\u00e1n ponderadas&nbsp;<\/strong>por la Consultor\u00eda Jur\u00eddica del Poder Ejecutivo,<strong>&nbsp;de cara al dep\u00f3sito de la pieza legislativa el pr\u00f3ximo 27 de febrero por parte del Presidente Abinader.<\/strong><\/p>\n","protected":false},"excerpt":{"rendered":"<p>Santo Domingo.- Como parte de las tareas de intercambio y consultas que, por instrucci\u00f3n del&nbsp;Presidente Luis Abinader, viene realizando la&nbsp;Consultor\u00eda Jur\u00eddica del Poder Ejecutivo&nbsp;respecto al proyecto de ley para crear&hellip; <\/p>\n","protected":false},"author":2,"featured_media":1889,"comment_status":"closed","ping_status":"closed","sticky":false,"template":"","format":"standard","meta":{"fifu_image_url":"","fifu_image_alt":"","footnotes":""},"categories":[55],"tags":[],"class_list":["post-1888","post","type-post","status-publish","format-standard","has-post-thumbnail","hentry","category-congreso-y-legislacion"],"_links":{"self":[{"href":"https:\/\/elmundodelapolitica.com\/v1\/wp-json\/wp\/v2\/posts\/1888","targetHints":{"allow":["GET"]}}],"collection":[{"href":"https:\/\/elmundodelapolitica.com\/v1\/wp-json\/wp\/v2\/posts"}],"about":[{"href":"https:\/\/elmundodelapolitica.com\/v1\/wp-json\/wp\/v2\/types\/post"}],"author":[{"embeddable":true,"href":"https:\/\/elmundodelapolitica.com\/v1\/wp-json\/wp\/v2\/users\/2"}],"replies":[{"embeddable":true,"href":"https:\/\/elmundodelapolitica.com\/v1\/wp-json\/wp\/v2\/comments?post=1888"}],"version-history":[{"count":2,"href":"https:\/\/elmundodelapolitica.com\/v1\/wp-json\/wp\/v2\/posts\/1888\/revisions"}],"predecessor-version":[{"id":1891,"href":"https:\/\/elmundodelapolitica.com\/v1\/wp-json\/wp\/v2\/posts\/1888\/revisions\/1891"}],"wp:featuredmedia":[{"embeddable":true,"href":"https:\/\/elmundodelapolitica.com\/v1\/wp-json\/wp\/v2\/media\/1889"}],"wp:attachment":[{"href":"https:\/\/elmundodelapolitica.com\/v1\/wp-json\/wp\/v2\/media?parent=1888"}],"wp:term":[{"taxonomy":"category","embeddable":true,"href":"https:\/\/elmundodelapolitica.com\/v1\/wp-json\/wp\/v2\/categories?post=1888"},{"taxonomy":"post_tag","embeddable":true,"href":"https:\/\/elmundodelapolitica.com\/v1\/wp-json\/wp\/v2\/tags?post=1888"}],"curies":[{"name":"wp","href":"https:\/\/api.w.org\/{rel}","templated":true}]}}