{"id":188,"date":"2022-04-05T13:25:58","date_gmt":"2022-04-05T17:25:58","guid":{"rendered":"http:\/\/www.elmundodelapolitica.com\/v2\/?p=25191"},"modified":"2022-04-05T13:25:58","modified_gmt":"2022-04-05T17:25:58","slug":"consideran-decreto-148-22-impactara-positivamente-consolidacion-rd-como-hub-logistico-region","status":"publish","type":"post","link":"https:\/\/elmundodelapolitica.com\/v1\/consideran-decreto-148-22-impactara-positivamente-consolidacion-rd-como-hub-logistico-region\/","title":{"rendered":"Consideran decreto 148-22 impactar\u00e1 positivamente consolidaci\u00f3n RD como Hub log\u00edstico regi\u00f3n"},"content":{"rendered":"\n<p><strong>Santo Domingo<\/strong>, R.D. Abril 4, 2022.-&nbsp;La Asociaci\u00f3n de Navieros de la Rep\u00fablica Dominicana, ANRD, valor\u00f3 como positivo el reci\u00e9n promulgado decreto n\u00famero 148-22 por el presidente Luis Abinader, por considerarlo un importante paso para convertir a la Rep\u00fablica Dominicana en un centro estrat\u00e9gico de operaciones log\u00edsticas.<\/p>\n\n\n\n<p>La entidad afirm\u00f3 que mediante este decreto se establecen facilidades que permitir\u00e1 que el transporte a\u00e9reo y mar\u00edtimo que transite por la regi\u00f3n, considere a la Rep\u00fablica Dominicana como destino estrat\u00e9gico para su abastecimiento.<\/p>\n\n\n\n<p>El empresario naviero Teddy Heinsen, presidente de ANRD, afirm\u00f3 que la entidad reconoce la importancia para el desarrollo del sector Naviero-Portuario de dise\u00f1ar pol\u00edticas p\u00fablicas orientadas a crear las condiciones necesarias para continuar impulsando el crecimiento de la econom\u00eda del pa\u00eds.<\/p>\n\n\n\n<p>\u201cEstas acciones impulsadas por el MICM son totalmente necesarias para mejorar la industria log\u00edstica, y a la vez minimizar el impacto a la econom\u00eda provocado por la crisis mundial\u201d, expres\u00f3 Heinsen.<\/p>\n\n\n\n<p>Indic\u00f3 que estas iniciativas elevar\u00e1n las actividades de car\u00e1cter log\u00edstico a trav\u00e9s de sus respectivos centros para encaminar hacia la optimizaci\u00f3n de transportes de carga a\u00e9rea y mar\u00edtimos, con la finalidad de atraer operaciones log\u00edsticas y reducir los costos de exportaci\u00f3n de productos.<\/p>\n\n\n\n<p>La ANRD manifest\u00f3 que espera que dichas medidas se apoyen en la posici\u00f3n geogr\u00e1fica estrat\u00e9gica del pa\u00eds para consolidarlo en un hub log\u00edstico de la regi\u00f3n para incrementar el volumen en las exportaciones e importaciones provocando un aumento del comercio.<\/p>\n","protected":false},"excerpt":{"rendered":"<p>Santo Domingo, R.D. Abril 4, 2022.-&nbsp;La Asociaci\u00f3n de Navieros de la Rep\u00fablica Dominicana, ANRD, valor\u00f3 como positivo el reci\u00e9n promulgado decreto n\u00famero 148-22 por el presidente Luis Abinader, por considerarlo&hellip; <\/p>\n","protected":false},"author":2,"featured_media":189,"comment_status":"closed","ping_status":"open","sticky":false,"template":"","format":"standard","meta":{"fifu_image_url":"","fifu_image_alt":"","footnotes":""},"categories":[42],"tags":[],"class_list":["post-188","post","type-post","status-publish","format-standard","has-post-thumbnail","hentry","category-logistica"],"_links":{"self":[{"href":"https:\/\/elmundodelapolitica.com\/v1\/wp-json\/wp\/v2\/posts\/188","targetHints":{"allow":["GET"]}}],"collection":[{"href":"https:\/\/elmundodelapolitica.com\/v1\/wp-json\/wp\/v2\/posts"}],"about":[{"href":"https:\/\/elmundodelapolitica.com\/v1\/wp-json\/wp\/v2\/types\/post"}],"author":[{"embeddable":true,"href":"https:\/\/elmundodelapolitica.com\/v1\/wp-json\/wp\/v2\/users\/2"}],"replies":[{"embeddable":true,"href":"https:\/\/elmundodelapolitica.com\/v1\/wp-json\/wp\/v2\/comments?post=188"}],"version-history":[{"count":0,"href":"https:\/\/elmundodelapolitica.com\/v1\/wp-json\/wp\/v2\/posts\/188\/revisions"}],"wp:featuredmedia":[{"embeddable":true,"href":"https:\/\/elmundodelapolitica.com\/v1\/wp-json\/wp\/v2\/media\/189"}],"wp:attachment":[{"href":"https:\/\/elmundodelapolitica.com\/v1\/wp-json\/wp\/v2\/media?parent=188"}],"wp:term":[{"taxonomy":"category","embeddable":true,"href":"https:\/\/elmundodelapolitica.com\/v1\/wp-json\/wp\/v2\/categories?post=188"},{"taxonomy":"post_tag","embeddable":true,"href":"https:\/\/elmundodelapolitica.com\/v1\/wp-json\/wp\/v2\/tags?post=188"}],"curies":[{"name":"wp","href":"https:\/\/api.w.org\/{rel}","templated":true}]}}